{"id":2037,"date":"2023-01-07T20:21:42","date_gmt":"2023-01-07T18:21:42","guid":{"rendered":"https:\/\/test.raplakunst.eu\/?p=2037"},"modified":"2023-01-07T20:21:42","modified_gmt":"2023-01-07T18:21:42","slug":"valli-lember-bogatkina-motle-kui-vahva","status":"publish","type":"post","link":"https:\/\/galerii.eaa.ee\/vabaduse\/?p=2037","title":{"rendered":"Valli Lember-Bogatkina. M\u00f5tle, kui vahva<h3><span class='sec'>2-19.07.2016<\/span><\/h3>"},"content":{"rendered":"\n<p><strong>Olete v\u00e4ga oodatud k\u00fclastama Valli Lember-Bogatkina (1921-2016) maalin\u00e4itust &#8220;M\u00f5tle, kui vahva!&#8221;. V\u00e4ljapanek on avatud kuni 19.07.2016.<\/strong><\/p>\n\n\n\n<figure class=\"wp-block-image alignright size-medium\"><a href=\"http:\/\/galerii.eaa.ee\/vabaduse\/wp-content\/uploads\/Valli-Lember-Bogatkina.jpg\"><img loading=\"lazy\" decoding=\"async\" width=\"300\" height=\"199\" src=\"http:\/\/galerii.eaa.ee\/vabaduse\/wp-content\/uploads\/Valli-Lember-Bogatkina-300x199.jpg\" alt=\"\" class=\"wp-image-2039\" srcset=\"https:\/\/galerii.eaa.ee\/vabaduse\/wp-content\/uploads\/Valli-Lember-Bogatkina-300x199.jpg 300w, https:\/\/galerii.eaa.ee\/vabaduse\/wp-content\/uploads\/Valli-Lember-Bogatkina.jpg 720w\" sizes=\"auto, (max-width: 300px) 100vw, 300px\" \/><\/a><\/figure>\n\n\n\n<p>Valli Lember Bogatkina oli \u00fcks neist imetlusv\u00e4\u00e4rsetest inimestest, kunstnikest, kes j\u00e4i, vaatamata k\u00f5rgele eale, elu l\u00f5puni \u00e4\u00e4rmiselt elur\u00f5\u00f5msaks ja loomisv\u00f5imeliseks. Vabaduse galerii v\u00e4ljapanek on valik \u00e4sja lahkunud kunstniku maalidest, kuid see ei ole tagasivaade selle n\u00e4itusezhanri tavalises m\u00f5ttes. Kaks eksponeeritavatest maalidest valmisid ainult paar kuud enne raske haiguse ilmnemist t\u00e4navu m\u00e4rtsis, \u00fclej\u00e4\u00e4nud on 2010. ja 2011. aastast.<br>Vabaduse galerii v\u00e4ljapanek on just selline, nagu oleks kunstnik ise teinud ja juurde \u00f6elnud: &#8220;M\u00f5tle, kui vahva!&#8221;. \u00dcksk\u00f5ik kelle teise suust oleks see fraas v\u00f5inud k\u00f5lada kas teeseldult v\u00f5i irooniliselt, Valli Lember-Bogatkina puhul oli see aga t\u00e4is siirast entusiasmi ja olemisr\u00f5\u00f5mu. Selles oli isegi mingit kummalist iseenesest m\u00f5istetavust. Nagu omamoodi iseenesest m\u00f5istetav oli seegi seik, et 90. eluaasta hakul, 2010. aastal p\u00f6\u00f6rdus tunnustatud akvarellist, meie akvarellimaali grand old lady akr\u00fc\u00fclmaali juurde. Ta ei vahetanud mitte ainult tehnikat, endale omaseks saanud, nii-\u00f6elda k\u00e4e sisse kulunud kodustatud v\u00e4ljendusvahendit, vaid ka t\u00f6\u00f6de suurust.<br>Plakatim\u00f5\u00f5tu akvarellimaali k\u00f5rvale, sest ega ka akvarell v\u00f5i joonistus ei kadunud elu l\u00f5puni kunstniku arsenalist, ilmusid ka praeguse maali m\u00f5ttes t\u00e4iesti arvestatava suurusega, 120 x 150 cm maalid.<br>Valli Lember-Bogatkina maalides korduvad tema varasemast akvarelliloomingust, ise\u00e4ranis muusikateemalistest kompositsioonidest tuttavad motiivid. Teda huvitas meediumi m\u00f5ju pildiatmosf\u00e4\u00e4ri kujundamisel ehk mis juhtub sama motiiviga akvarelli transparentsete kujundite asendamisel akr\u00fc\u00fcli kirkas koloriidis l\u00e4bipaistmatute j\u00f5uliste kujunditega. Teda n\u00e4isid j\u00e4rjest enam puudutavat need k\u00fcsimused, mis paelusid sadakond aastat tagasi esimesi abstraktsioniste ning mis praegusel interdistsiplinaarsel ajal on taas v\u00e4ga aktuaalsed. Valli Lember-Bogatkinas l\u00f5i ilmselt v\u00e4lja ka monumentalist, lihtsate suurte kujunditega suure pinna organiseerija, nagu teda tunneb meie 1960ndate kunstiajalugu.<br>Oktoobri l\u00f5pul avatakse rahvusraamatukogus Valli Lember-Bogatkina retrospektiiv, kus saab n\u00e4ha kunstniku m\u00f5tte arengut 1930ndate l\u00f5pust 2016. aastani, aga ka ekskursse joonistustesse, illustratsioonidesse, motiivi arenguloogikat.<\/p>\n\n\n\n<p>Veel teavet:<br>Reet Varblane<br>tel 55 655 014<\/p>\n","protected":false},"excerpt":{"rendered":"<p>Olete v\u00e4ga oodatud k\u00fclastama Valli Lember-Bogatkina (1921-2016) maalin\u00e4itust &#8220;M\u00f5tle, kui vahva!&#8221;. V\u00e4ljapanek on avatud kuni 19.07.2016. Valli Lember Bogatkina oli \u00fcks neist imetlusv\u00e4\u00e4rsetest inimestest, kunstnikest, kes j\u00e4i, vaatamata k\u00f5rgele eale, elu l\u00f5puni \u00e4\u00e4rmiselt elur\u00f5\u00f5msaks ja loomisv\u00f5imeliseks. Vabaduse galerii v\u00e4ljapanek on valik \u00e4sja lahkunud kunstniku maalidest, kuid see ei ole tagasivaade selle n\u00e4itusezhanri tavalises m\u00f5ttes. Kaks [&hellip;]<\/p>\n","protected":false},"author":1,"featured_media":2038,"comment_status":"closed","ping_status":"closed","sticky":false,"template":"","format":"standard","meta":{"_uag_custom_page_level_css":"","site-sidebar-layout":"default","site-content-layout":"default","ast-site-content-layout":"","site-content-style":"default","site-sidebar-style":"default","ast-global-header-display":"","ast-banner-title-visibility":"","ast-main-header-display":"","ast-hfb-above-header-display":"","ast-hfb-below-header-display":"","ast-hfb-mobile-header-display":"","site-post-title":"","ast-breadcrumbs-content":"","ast-featured-img":"","footer-sml-layout":"","theme-transparent-header-meta":"default","adv-header-id-meta":"","stick-header-meta":"","header-above-stick-meta":"","header-main-stick-meta":"","header-below-stick-meta":"","astra-migrate-meta-layouts":"default","ast-page-background-enabled":"default","ast-page-background-meta":{"desktop":{"background-color":"var(--ast-global-color-4)","background-image":"","background-repeat":"repeat","background-position":"center center","background-size":"auto","background-attachment":"scroll","background-type":"","background-media":"","overlay-type":"","overlay-color":"","overlay-opacity":"","overlay-gradient":""},"tablet":{"background-color":"","background-image":"","background-repeat":"repeat","background-position":"center center","background-size":"auto","background-attachment":"scroll","background-type":"","background-media":"","overlay-type":"","overlay-color":"","overlay-opacity":"","overlay-gradient":""},"mobile":{"background-color":"","background-image":"","background-repeat":"repeat","background-position":"center center","background-size":"auto","background-attachment":"scroll","background-type":"","background-media":"","overlay-type":"","overlay-color":"","overlay-opacity":"","overlay-gradient":""}},"ast-content-background-meta":{"desktop":{"background-color":"var(--ast-global-color-5)","background-image":"","background-repeat":"repeat","background-position":"center center","background-size":"auto","background-attachment":"scroll","background-type":"","background-media":"","overlay-type":"","overlay-color":"","overlay-opacity":"","overlay-gradient":""},"tablet":{"background-color":"var(--ast-global-color-5)","background-image":"","background-repeat":"repeat","background-position":"center center","background-size":"auto","background-attachment":"scroll","background-type":"","background-media":"","overlay-type":"","overlay-color":"","overlay-opacity":"","overlay-gradient":""},"mobile":{"background-color":"var(--ast-global-color-5)","background-image":"","background-repeat":"repeat","background-position":"center center","background-size":"auto","background-attachment":"scroll","background-type":"","background-media":"","overlay-type":"","overlay-color":"","overlay-opacity":"","overlay-gradient":""}},"footnotes":""},"categories":[18],"tags":[],"class_list":["post-2037","post","type-post","status-publish","format-standard","has-post-thumbnail","hentry","category-18"],"uagb_featured_image_src":{"full":["https:\/\/galerii.eaa.ee\/vabaduse\/wp-content\/uploads\/folderimage-43.jpg",720,220,false],"thumbnail":["https:\/\/galerii.eaa.ee\/vabaduse\/wp-content\/uploads\/folderimage-43-150x150.jpg",150,150,true],"medium":["https:\/\/galerii.eaa.ee\/vabaduse\/wp-content\/uploads\/folderimage-43-300x92.jpg",300,92,true],"medium_large":["https:\/\/galerii.eaa.ee\/vabaduse\/wp-content\/uploads\/folderimage-43.jpg",720,220,false],"large":["https:\/\/galerii.eaa.ee\/vabaduse\/wp-content\/uploads\/folderimage-43.jpg",720,220,false],"1536x1536":["https:\/\/galerii.eaa.ee\/vabaduse\/wp-content\/uploads\/folderimage-43.jpg",720,220,false],"2048x2048":["https:\/\/galerii.eaa.ee\/vabaduse\/wp-content\/uploads\/folderimage-43.jpg",720,220,false]},"uagb_author_info":{"display_name":"vabadusegalerii","author_link":"https:\/\/galerii.eaa.ee\/vabaduse\/?author=1"},"uagb_comment_info":0,"uagb_excerpt":"Olete v\u00e4ga oodatud k\u00fclastama Valli Lember-Bogatkina (1921-2016) maalin\u00e4itust &#8220;M\u00f5tle, kui vahva!&#8221;. V\u00e4ljapanek on avatud kuni 19.07.2016. Valli Lember Bogatkina oli \u00fcks neist imetlusv\u00e4\u00e4rsetest inimestest, kunstnikest, kes j\u00e4i, vaatamata k\u00f5rgele eale, elu l\u00f5puni \u00e4\u00e4rmiselt elur\u00f5\u00f5msaks ja loomisv\u00f5imeliseks. Vabaduse galerii v\u00e4ljapanek on valik \u00e4sja lahkunud kunstniku maalidest, kuid see ei ole tagasivaade selle n\u00e4itusezhanri tavalises m\u00f5ttes. Kaks&hellip;","_links":{"self":[{"href":"https:\/\/galerii.eaa.ee\/vabaduse\/index.php?rest_route=\/wp\/v2\/posts\/2037","targetHints":{"allow":["GET"]}}],"collection":[{"href":"https:\/\/galerii.eaa.ee\/vabaduse\/index.php?rest_route=\/wp\/v2\/posts"}],"about":[{"href":"https:\/\/galerii.eaa.ee\/vabaduse\/index.php?rest_route=\/wp\/v2\/types\/post"}],"author":[{"embeddable":true,"href":"https:\/\/galerii.eaa.ee\/vabaduse\/index.php?rest_route=\/wp\/v2\/users\/1"}],"replies":[{"embeddable":true,"href":"https:\/\/galerii.eaa.ee\/vabaduse\/index.php?rest_route=%2Fwp%2Fv2%2Fcomments&post=2037"}],"version-history":[{"count":0,"href":"https:\/\/galerii.eaa.ee\/vabaduse\/index.php?rest_route=\/wp\/v2\/posts\/2037\/revisions"}],"wp:featuredmedia":[{"embeddable":true,"href":"https:\/\/galerii.eaa.ee\/vabaduse\/index.php?rest_route=\/wp\/v2\/media\/2038"}],"wp:attachment":[{"href":"https:\/\/galerii.eaa.ee\/vabaduse\/index.php?rest_route=%2Fwp%2Fv2%2Fmedia&parent=2037"}],"wp:term":[{"taxonomy":"category","embeddable":true,"href":"https:\/\/galerii.eaa.ee\/vabaduse\/index.php?rest_route=%2Fwp%2Fv2%2Fcategories&post=2037"},{"taxonomy":"post_tag","embeddable":true,"href":"https:\/\/galerii.eaa.ee\/vabaduse\/index.php?rest_route=%2Fwp%2Fv2%2Ftags&post=2037"}],"curies":[{"name":"wp","href":"https:\/\/api.w.org\/{rel}","templated":true}]}}