{"id":2131,"date":"2023-01-07T21:17:42","date_gmt":"2023-01-07T19:17:42","guid":{"rendered":"https:\/\/test.raplakunst.eu\/?p=2131"},"modified":"2023-01-07T21:17:42","modified_gmt":"2023-01-07T19:17:42","slug":"mare-vint-valged-linnad","status":"publish","type":"post","link":"https:\/\/galerii.eaa.ee\/vabaduse\/?p=2131","title":{"rendered":"Mare Vint. Valged linnad<h3><span class='sec'>15.09-4.10.2017<\/span><\/h3>"},"content":{"rendered":"\n<p><strong>15. septembrist on Mare Vindi n\u00e4itus &#8220;Valged linnad&#8221; avatud Vabaduse galeriis ja n\u00e4itus &#8220;Valgus&#8221; Tallinna Jaani kiriku galeriis. N\u00e4itused on avatud 15.09- 4.10.2017.<\/strong><br><strong>Neljap\u00e4eval, 28. septembril algusega kell 18.00 on Jaani kirikus Mare Vindi artist talk, seda juhivad Erkki Juhandi ja Reet Varblane.<\/strong><br><strong>Olete v\u00e4ga oodatud n\u00e4itustele ja kunstnikuga kohtumisele.<\/strong><\/p>\n\n\n\n<p>Mare Vint on \u00fcks neist iginoortest kunstnikest, kes tulid meie kunsti enam kui pool sajandit tagasi ja kes on siiani k\u00f5rgvormis. Ta kuulus legendaarsesse ANK 64 r\u00fchmitusse ning tema, nagu paljude teiste tema p\u00f5lvkonna esindajate kunsti iseloomustab oma (ideaal)maailma loomine filosoofiliste m\u00f5tiskluste ja individuaalse esteetilise s\u00fcsteemi abil.<\/p>\n\n\n\n<p>Mare Vindi loomingus v\u00f5ib n\u00e4ha liikumisi ja muutusi, nagu iga pika ja \u00e4rksa loomeaja puhul: must-valgest filigraansest joonest mahedama pinnalisuseni ja tagasi, litograafiast ja tushijoonistusest v\u00e4rvilise pliiatsi ja ofsetlitoni. Aga tema loomingut v\u00f5ib edukalt iseloomustada ka \u00fche, kuid v\u00e4ga t\u00e4hendusliku ja avara m\u00f5istega &#8211; ideaalmaastik. Mare Vint on enam kui viisk\u00fcmmend aastat otsinud oma ideaalmaastikku v\u00f5i \u00f5igemini ideaalpaika, viies tegelikkuses esinevad arhitektuursed (hooned, aga ka t\u00e4henduslikud fragmendid) ja looduslikud vormid korrastatud, kontseptualiseeritud t\u00e4iuseni.<\/p>\n\n\n\n<p>Mare Vindi ideaalsed paigad sobivad metaf\u00fc\u00fcsilise linnapildiga, neil on \u00fchist m\u00f5negi s\u00fcrrealistliku kompositsiooniga v\u00f5i kontseptualistliku visuaalse m\u00f5ttearendusega. Aga neis on veel midagi, mis ei mahutu \u00fchegi nimetatu ega ilmselt ka teiste \u00fcldtuntud visuaalsete m\u00f5ttesuundumuste alla. Tema ideaalsetes paikades on autori enda kummastavat isiklikku puudutust. Tema anon\u00fc\u00fcmsetena kujutatud maailmadest kumab l\u00e4bi unen\u00e4oline ja vaatajat intuitiivselt puudutav elut\u00e4htis \u00f5hustik, eelk\u00f5ige muidugi valgus.<\/p>\n\n\n\n<p>Isegi valguse vastandus pimedusele j\u00e4\u00e4b Mare Vindi loomingus m\u00f5tteliseks, kohati hoomamatuks, olematukski. Valgus v\u00f5idab. Pigem on pildikeel struktuurne ja kunstnikule v\u00e4ljakujunenud arusaama kohaselt liidab ta fragmendid ja motiivistikud \u00fchtseks tervikuks. Eriilmeliste detailide kombineerimisel teostub Mare Vindi looming, mis on oma mahedates pooltoonides \u00f5rn ning valgusk\u00fcllane. Seet\u00f5ttu on ka \u00fcks kolmest kunstniku juubelile p\u00fchendatud n\u00e4itusest, Jaani kiriku galeriis eksponeeritud v\u00e4ljapanek pealkirjastatud &#8220;Valgus&#8221;. Juba n\u00e4ituse pealkiri osundab kunstniku loomingu teravikule, aga ka tervikule. Jaani kiriku galeriis on v\u00e4ljas 1997-1998. aastatel valminud teosed sarjast &#8220;Valgus&#8221; (lito, tushsh), aga ka 1999-2010 valminud teosed sarjast &#8220;Maa ja taeva vahel&#8221; (lito, koloreering) ning 2009. aasta valminud teosed sarjast &#8220;Park&#8221; (mustvalged tushijoonistused). Kolm osaliselt esitletud sarja annavad suurep\u00e4rase \u00fclevaate kunstniku loometeest.<\/p>\n\n\n\n<p>Vabaduse galerii v\u00e4ljapanek on koostatud peamiselt &#8220;Valge linna&#8221; sarja t\u00f6\u00f6dest. Need on valminud kunstniku Vahemere reiside p\u00f5hjal, kuid Mare Vindi imelisi, kohati uttu kaduvaid paika tuleks pigem vaadata Calvino n\u00e4htamatute linnade v\u00f5tmes. Italo Calvino kirjeldab Marco Polo suu l\u00e4bi paljusid imelisi linnu, kuid tegelikult r\u00e4\u00e4gib Marco Polo oma kodulinnast Veneetsiast. Mare Vint kujutab oma ideaalpaiga, aga ka teatud kollektiivset unistust, mis peitub pigem sisemises rahus kui v\u00e4listes otsingutes. Vabaduse galerii n\u00e4itus koosneb peamiselt viimase aja t\u00f6\u00f6dest &#8211; v\u00e4rvilistest pliiatsijoonistustest l\u00f5uendil, aga ka ofsetlito t\u00f5mmistest. Mare Vindi t\u00f6id, eelk\u00f5ige just viimast loomingut iseloomustab t\u00fchja pinna suurep\u00e4rane pingestamine ja m\u00f5testamine.<\/p>\n\n\n\n<p>Kolmas Mare Vindi n\u00e4itus on Kumus: see on valminud koost\u00f6\u00f6s Jaanus Sammaga ja on pealkirjastatud &#8220;Dialoog. Mare Vint ja Jaanus Samma&#8221;, kuraator on Anu Allas.<\/p>\n\n\n\n<p>Kuraatorid Erkki Juhandi ja Reet Varblane<\/p>\n\n\n\n<p>Veel teavet:<br>Erkki Juhandi, Tallinna Jaani kiriku galerist, e-post: <a href=\"mailto:erkki.juhandi@eelk.ee\">erkki.juhandi@eelk.ee<\/a>, tel 55 17 777<br>Reet Varblane, Vabaduse galerii galerist, e-post: <a href=\"mailto:reetvarblane@gmail.com\">reetvarblane@gmail.com<\/a>, rel 55 655 014<\/p>\n\n\n\n<figure class=\"wp-block-gallery has-nested-images columns-4 is-cropped wp-block-gallery-1 is-layout-flex wp-block-gallery-is-layout-flex\">\n<figure class=\"wp-block-image size-medium\"><a href=\"http:\/\/galerii.eaa.ee\/vabaduse\/wp-content\/uploads\/mare-vint_1.jpg.jpg\"><img loading=\"lazy\" decoding=\"async\" width=\"300\" height=\"201\" data-id=\"2133\" src=\"http:\/\/galerii.eaa.ee\/vabaduse\/wp-content\/uploads\/mare-vint_1.jpg-300x201.jpg\" alt=\"\" class=\"wp-image-2133\" srcset=\"https:\/\/galerii.eaa.ee\/vabaduse\/wp-content\/uploads\/mare-vint_1.jpg-300x201.jpg 300w, https:\/\/galerii.eaa.ee\/vabaduse\/wp-content\/uploads\/mare-vint_1.jpg.jpg 720w\" sizes=\"auto, (max-width: 300px) 100vw, 300px\" \/><\/a><\/figure>\n\n\n\n<figure class=\"wp-block-image size-medium\"><a href=\"http:\/\/galerii.eaa.ee\/vabaduse\/wp-content\/uploads\/mare-vint_2.jpg.jpg\"><img loading=\"lazy\" decoding=\"async\" width=\"300\" height=\"201\" data-id=\"2134\" src=\"http:\/\/galerii.eaa.ee\/vabaduse\/wp-content\/uploads\/mare-vint_2.jpg-300x201.jpg\" alt=\"\" class=\"wp-image-2134\" srcset=\"https:\/\/galerii.eaa.ee\/vabaduse\/wp-content\/uploads\/mare-vint_2.jpg-300x201.jpg 300w, https:\/\/galerii.eaa.ee\/vabaduse\/wp-content\/uploads\/mare-vint_2.jpg.jpg 720w\" sizes=\"auto, (max-width: 300px) 100vw, 300px\" \/><\/a><\/figure>\n\n\n\n<figure class=\"wp-block-image size-medium\"><a href=\"http:\/\/galerii.eaa.ee\/vabaduse\/wp-content\/uploads\/mare-vint_3.jpg.jpg\"><img loading=\"lazy\" decoding=\"async\" width=\"300\" height=\"179\" data-id=\"2135\" src=\"http:\/\/galerii.eaa.ee\/vabaduse\/wp-content\/uploads\/mare-vint_3.jpg-300x179.jpg\" alt=\"\" class=\"wp-image-2135\" srcset=\"https:\/\/galerii.eaa.ee\/vabaduse\/wp-content\/uploads\/mare-vint_3.jpg-300x179.jpg 300w, https:\/\/galerii.eaa.ee\/vabaduse\/wp-content\/uploads\/mare-vint_3.jpg.jpg 720w\" sizes=\"auto, (max-width: 300px) 100vw, 300px\" \/><\/a><\/figure>\n\n\n\n<figure class=\"wp-block-image size-medium\"><a href=\"http:\/\/galerii.eaa.ee\/vabaduse\/wp-content\/uploads\/mare-vint_4.jpg.jpg\"><img loading=\"lazy\" decoding=\"async\" width=\"300\" height=\"201\" data-id=\"2136\" src=\"http:\/\/galerii.eaa.ee\/vabaduse\/wp-content\/uploads\/mare-vint_4.jpg-300x201.jpg\" alt=\"\" class=\"wp-image-2136\" srcset=\"https:\/\/galerii.eaa.ee\/vabaduse\/wp-content\/uploads\/mare-vint_4.jpg-300x201.jpg 300w, https:\/\/galerii.eaa.ee\/vabaduse\/wp-content\/uploads\/mare-vint_4.jpg.jpg 720w\" sizes=\"auto, (max-width: 300px) 100vw, 300px\" \/><\/a><\/figure>\n<\/figure>\n","protected":false},"excerpt":{"rendered":"<p>15. septembrist on Mare Vindi n\u00e4itus &#8220;Valged linnad&#8221; avatud Vabaduse galeriis ja n\u00e4itus &#8220;Valgus&#8221; Tallinna Jaani kiriku galeriis. N\u00e4itused on avatud 15.09- 4.10.2017.Neljap\u00e4eval, 28. septembril algusega kell 18.00 on Jaani kirikus Mare Vindi artist talk, seda juhivad Erkki Juhandi ja Reet Varblane.Olete v\u00e4ga oodatud n\u00e4itustele ja kunstnikuga kohtumisele. Mare Vint on \u00fcks neist iginoortest kunstnikest, [&hellip;]<\/p>\n","protected":false},"author":1,"featured_media":2132,"comment_status":"closed","ping_status":"closed","sticky":false,"template":"","format":"standard","meta":{"_uag_custom_page_level_css":"","site-sidebar-layout":"default","site-content-layout":"default","ast-site-content-layout":"","site-content-style":"default","site-sidebar-style":"default","ast-global-header-display":"","ast-banner-title-visibility":"","ast-main-header-display":"","ast-hfb-above-header-display":"","ast-hfb-below-header-display":"","ast-hfb-mobile-header-display":"","site-post-title":"","ast-breadcrumbs-content":"","ast-featured-img":"","footer-sml-layout":"","theme-transparent-header-meta":"default","adv-header-id-meta":"","stick-header-meta":"","header-above-stick-meta":"","header-main-stick-meta":"","header-below-stick-meta":"","astra-migrate-meta-layouts":"default","ast-page-background-enabled":"default","ast-page-background-meta":{"desktop":{"background-color":"var(--ast-global-color-4)","background-image":"","background-repeat":"repeat","background-position":"center center","background-size":"auto","background-attachment":"scroll","background-type":"","background-media":"","overlay-type":"","overlay-color":"","overlay-opacity":"","overlay-gradient":""},"tablet":{"background-color":"","background-image":"","background-repeat":"repeat","background-position":"center center","background-size":"auto","background-attachment":"scroll","background-type":"","background-media":"","overlay-type":"","overlay-color":"","overlay-opacity":"","overlay-gradient":""},"mobile":{"background-color":"","background-image":"","background-repeat":"repeat","background-position":"center center","background-size":"auto","background-attachment":"scroll","background-type":"","background-media":"","overlay-type":"","overlay-color":"","overlay-opacity":"","overlay-gradient":""}},"ast-content-background-meta":{"desktop":{"background-color":"var(--ast-global-color-5)","background-image":"","background-repeat":"repeat","background-position":"center center","background-size":"auto","background-attachment":"scroll","background-type":"","background-media":"","overlay-type":"","overlay-color":"","overlay-opacity":"","overlay-gradient":""},"tablet":{"background-color":"var(--ast-global-color-5)","background-image":"","background-repeat":"repeat","background-position":"center center","background-size":"auto","background-attachment":"scroll","background-type":"","background-media":"","overlay-type":"","overlay-color":"","overlay-opacity":"","overlay-gradient":""},"mobile":{"background-color":"var(--ast-global-color-5)","background-image":"","background-repeat":"repeat","background-position":"center center","background-size":"auto","background-attachment":"scroll","background-type":"","background-media":"","overlay-type":"","overlay-color":"","overlay-opacity":"","overlay-gradient":""}},"footnotes":""},"categories":[20],"tags":[],"class_list":["post-2131","post","type-post","status-publish","format-standard","has-post-thumbnail","hentry","category-20"],"uagb_featured_image_src":{"full":["https:\/\/galerii.eaa.ee\/vabaduse\/wp-content\/uploads\/folderimage-56.jpg",720,220,false],"thumbnail":["https:\/\/galerii.eaa.ee\/vabaduse\/wp-content\/uploads\/folderimage-56-150x150.jpg",150,150,true],"medium":["https:\/\/galerii.eaa.ee\/vabaduse\/wp-content\/uploads\/folderimage-56-300x92.jpg",300,92,true],"medium_large":["https:\/\/galerii.eaa.ee\/vabaduse\/wp-content\/uploads\/folderimage-56.jpg",720,220,false],"large":["https:\/\/galerii.eaa.ee\/vabaduse\/wp-content\/uploads\/folderimage-56.jpg",720,220,false],"1536x1536":["https:\/\/galerii.eaa.ee\/vabaduse\/wp-content\/uploads\/folderimage-56.jpg",720,220,false],"2048x2048":["https:\/\/galerii.eaa.ee\/vabaduse\/wp-content\/uploads\/folderimage-56.jpg",720,220,false]},"uagb_author_info":{"display_name":"vabadusegalerii","author_link":"https:\/\/galerii.eaa.ee\/vabaduse\/?author=1"},"uagb_comment_info":0,"uagb_excerpt":"15. septembrist on Mare Vindi n\u00e4itus &#8220;Valged linnad&#8221; avatud Vabaduse galeriis ja n\u00e4itus &#8220;Valgus&#8221; Tallinna Jaani kiriku galeriis. N\u00e4itused on avatud 15.09- 4.10.2017.Neljap\u00e4eval, 28. septembril algusega kell 18.00 on Jaani kirikus Mare Vindi artist talk, seda juhivad Erkki Juhandi ja Reet Varblane.Olete v\u00e4ga oodatud n\u00e4itustele ja kunstnikuga kohtumisele. Mare Vint on \u00fcks neist iginoortest kunstnikest,&hellip;","_links":{"self":[{"href":"https:\/\/galerii.eaa.ee\/vabaduse\/index.php?rest_route=\/wp\/v2\/posts\/2131","targetHints":{"allow":["GET"]}}],"collection":[{"href":"https:\/\/galerii.eaa.ee\/vabaduse\/index.php?rest_route=\/wp\/v2\/posts"}],"about":[{"href":"https:\/\/galerii.eaa.ee\/vabaduse\/index.php?rest_route=\/wp\/v2\/types\/post"}],"author":[{"embeddable":true,"href":"https:\/\/galerii.eaa.ee\/vabaduse\/index.php?rest_route=\/wp\/v2\/users\/1"}],"replies":[{"embeddable":true,"href":"https:\/\/galerii.eaa.ee\/vabaduse\/index.php?rest_route=%2Fwp%2Fv2%2Fcomments&post=2131"}],"version-history":[{"count":0,"href":"https:\/\/galerii.eaa.ee\/vabaduse\/index.php?rest_route=\/wp\/v2\/posts\/2131\/revisions"}],"wp:featuredmedia":[{"embeddable":true,"href":"https:\/\/galerii.eaa.ee\/vabaduse\/index.php?rest_route=\/wp\/v2\/media\/2132"}],"wp:attachment":[{"href":"https:\/\/galerii.eaa.ee\/vabaduse\/index.php?rest_route=%2Fwp%2Fv2%2Fmedia&parent=2131"}],"wp:term":[{"taxonomy":"category","embeddable":true,"href":"https:\/\/galerii.eaa.ee\/vabaduse\/index.php?rest_route=%2Fwp%2Fv2%2Fcategories&post=2131"},{"taxonomy":"post_tag","embeddable":true,"href":"https:\/\/galerii.eaa.ee\/vabaduse\/index.php?rest_route=%2Fwp%2Fv2%2Ftags&post=2131"}],"curies":[{"name":"wp","href":"https:\/\/api.w.org\/{rel}","templated":true}]}}