{"id":2144,"date":"2023-01-07T21:22:06","date_gmt":"2023-01-07T19:22:06","guid":{"rendered":"https:\/\/test.raplakunst.eu\/?p=2144"},"modified":"2023-01-07T21:22:06","modified_gmt":"2023-01-07T19:22:06","slug":"aime-kuulbusch-puudutus","status":"publish","type":"post","link":"https:\/\/galerii.eaa.ee\/vabaduse\/?p=2144","title":{"rendered":"Aime Kuulbusch. Puudutus<h3><span class='sec'>1-19.11.2017<\/span><\/h3>"},"content":{"rendered":"\n<p><strong>Olete oodatud Aime Kuulbuschi n\u00e4itusele Puudutus Vabaduse galeriis. N\u00e4itus on avatud 1.-19. XI 2017.<\/strong><br><strong>N\u00e4ituse viimasel p\u00e4eval, p\u00fchap\u00e4eval, 19.11.2017 algusega kell 16.00 on galeriis kohtumine Aime Kuulbuschiga.<\/strong><\/p>\n\n\n\n<p>Aime Kuulbusch on \u00fcks eesti huvitavamaid skulptoreid-portretiste. Ta on tegutsenud meie kunstimaastikul juba ligi pool sajandit. Nagu enamik tema p\u00f5lvkonna, 1970ndate algul avalikkuse ette astunud kunstnikke, kehtestas ka Kuulbusch ennast peaaegu et kohe ning ei n\u00e4ita siiani v\u00e4simusem\u00e4rke.<\/p>\n\n\n\n<p>Aime Kuulbuschi ja teiste tema p\u00f5lvkonna skulptorite tollast loomingut on \u00f5igustatult vaadeldud modernismi v\u00f5tmes, mis aga meie kunsti tollases kontekstis t\u00e4hendas paradoksaalselt 1930ndate traditsiooni j\u00e4tkamist ja ka selle l\u00f5hkumist. Pieteeditundeliselt j\u00e4rgisid nad skulptuuri kui sellise vormi- ja proportsioonit\u00e4iust, pinnat\u00f6\u00f6tlust ja teisi vormilisi karakteristikaid, kuid enam kui esteetilised v\u00e4\u00e4rtused on neile l\u00e4inud korda s\u00f5num, kontseptsioon. Kuulbuschi puhul eelk\u00f5ige inimesekontseptsioon. Portreede k\u00f5rval on Kuulbuschi loomingus oma kindel koht allegooriatel, s\u00fcmboolsetel inimfiguuridel, olgu siis mees- v\u00f5i naisaktidena, s\u00fcrreaalsete masininimeste v\u00f5i kunstlike homunkulustena. Stilisatsioonide juurest on ta samm-sammult liikunud abstraktsete kompositsioonideni.<\/p>\n\n\n\n<p>Vabaduse galerii v\u00e4ljapanek &#8220;Puudutus&#8221; koosneb \u00fcheksast akr\u00fc\u00fclvaigust reljeefist, mis on valminud 2016. ja 2017. aastal, ning kahest varasemast \u00fcmarplastikast, 1976. aastal valminud ja praegu lausa krestomaatiliseks kujunenud Juhan Viidingu portreest ning 2012. aastal valminud pol\u00fcestervaigust abstraktsest kompositsioonist Vastasseis.<br>Kolmikgruppidest koosnevad reljeefid, neid v\u00f5ib jaotada v\u00e4rvi v\u00f5i kujundi kaupa, on pealkirjastatud nii, nagu kogu v\u00e4ljapanek Puudutus. V\u00f5i nagu kunstnik ise oma eelmise isikun\u00e4ituse puhul Viimsi P\u00fcha Jaakobi kirikus puudutuse m\u00f5istet avab, v\u00f5ib selleks olla vihm v\u00f5i p\u00e4ikesesoojus v\u00f5i tuulepuhang v\u00f5i soe valgus ehk k\u00f5ik elav ja loomulik. Skulptori k\u00e4e all ei ole see loomulik ja muutuv ollus mitte ainult kinni p\u00fc\u00fctud, vaid viidud ideaalsesse geomeetrilisse vormi, sellest on loodud \u00fcldistus.<\/p>\n\n\n\n<p>Esimene tasand, millega puutus kunstnik oma Puudutuste loomisel ja millest ei p\u00e4\u00e4se ka vastuv\u00f5tja, on muutuva hetke kujutamine p\u00fcsivas vormis, liikumise illusiooni loomine kujundi, kompositsiooni, materjali, v\u00e4rvi ja valguse abil. Kui XX sajandi alguse k\u00f5ige radikaalsemad avangardistid, futuristid m\u00e4ssasid suurte d\u00fcnaamiliste protsesside kujutamisega staatilise kunsti abil, siis Aime Kuulbuschi on huvitanud nii-\u00f6elda v\u00e4ikesed, aga seda v\u00e4\u00e4rtuslikumad argihetked.<\/p>\n\n\n\n<p>Kui reljeefides on kunstnik m\u00e4nginud d\u00fcnaamikaillusiooni loomist l\u00e4bi puhastatud viisil, korduvate abstraktsete vormidega, siis realistlike, ps\u00fchholoogiliste portreede puhul tuleb see esile detailides, n\u00fcanssides. Juhan Viidingu portree puhul eelk\u00f5ige tema k\u00e4te hoiakus, aga ka modelleerimisviisis, mis tekitab keha ja huulte tukslemise illusiooni. Kui Eesti kunstipublikule on Aime Kuulbuschi Juhan Viidingu portree tuttav just pronksvariandis, sest see on v\u00e4ljas Kumu p\u00fcsiinstallatsioonis Kajakas, siis n\u00fc\u00fcd on vaadata kipsist vahevariant, kus aga kunstniku kohalolek, tema enda k\u00e4epuudutus on m\u00e4rksa vahetumalt olemas.<\/p>\n\n\n\n<p>Teine tasand, millest ei p\u00e4\u00e4se Vabaduse galerii n\u00e4ituse puhul, on eksponeerimisruumi t\u00e4hendus. Vabaduse galerii on klassikaline valge kuup, ka ruumim\u00e4lu m\u00f5ttes, sest siin on alati olnud nii-\u00f6elda kunstiruum, kas siis ateljee v\u00f5i galeriina. Viimsi P\u00fcha Jaakobi kirikus hakkas tahestahtmata kaasa m\u00e4ngima p\u00fchakojaga seotud t\u00e4hendusv\u00e4li, kolmikgrupist tuli r\u00e4\u00e4kida kui tript\u00fchhonist ja sellega seonduvast religioossusest.<\/p>\n\n\n\n<p>Reet Varblane<br>tel 55655014<\/p>\n\n\n\n<figure class=\"wp-block-gallery has-nested-images columns-5 is-cropped wp-block-gallery-1 is-layout-flex wp-block-gallery-is-layout-flex\">\n<figure class=\"wp-block-image size-medium\"><a href=\"http:\/\/galerii.eaa.ee\/vabaduse\/wp-content\/uploads\/Aime-Kuulbusch_1.jpg.jpg\"><img loading=\"lazy\" decoding=\"async\" width=\"300\" height=\"192\" data-id=\"2146\" src=\"http:\/\/galerii.eaa.ee\/vabaduse\/wp-content\/uploads\/Aime-Kuulbusch_1.jpg-300x192.jpg\" alt=\"\" class=\"wp-image-2146\" srcset=\"https:\/\/galerii.eaa.ee\/vabaduse\/wp-content\/uploads\/Aime-Kuulbusch_1.jpg-300x192.jpg 300w, https:\/\/galerii.eaa.ee\/vabaduse\/wp-content\/uploads\/Aime-Kuulbusch_1.jpg.jpg 720w\" sizes=\"auto, (max-width: 300px) 100vw, 300px\" \/><\/a><\/figure>\n\n\n\n<figure class=\"wp-block-image size-medium\"><a href=\"http:\/\/galerii.eaa.ee\/vabaduse\/wp-content\/uploads\/Aime-Kuulbusch_2.jpg.jpg\"><img loading=\"lazy\" decoding=\"async\" width=\"300\" height=\"177\" data-id=\"2147\" src=\"http:\/\/galerii.eaa.ee\/vabaduse\/wp-content\/uploads\/Aime-Kuulbusch_2.jpg-300x177.jpg\" alt=\"\" class=\"wp-image-2147\" srcset=\"https:\/\/galerii.eaa.ee\/vabaduse\/wp-content\/uploads\/Aime-Kuulbusch_2.jpg-300x177.jpg 300w, https:\/\/galerii.eaa.ee\/vabaduse\/wp-content\/uploads\/Aime-Kuulbusch_2.jpg.jpg 720w\" sizes=\"auto, (max-width: 300px) 100vw, 300px\" \/><\/a><\/figure>\n\n\n\n<figure class=\"wp-block-image size-medium\"><a href=\"http:\/\/galerii.eaa.ee\/vabaduse\/wp-content\/uploads\/Aime-Kuulbusch_3.jpg.jpg\"><img loading=\"lazy\" decoding=\"async\" width=\"300\" height=\"205\" data-id=\"2148\" src=\"http:\/\/galerii.eaa.ee\/vabaduse\/wp-content\/uploads\/Aime-Kuulbusch_3.jpg-300x205.jpg\" alt=\"\" class=\"wp-image-2148\" srcset=\"https:\/\/galerii.eaa.ee\/vabaduse\/wp-content\/uploads\/Aime-Kuulbusch_3.jpg-300x205.jpg 300w, https:\/\/galerii.eaa.ee\/vabaduse\/wp-content\/uploads\/Aime-Kuulbusch_3.jpg.jpg 720w\" sizes=\"auto, (max-width: 300px) 100vw, 300px\" \/><\/a><\/figure>\n\n\n\n<figure class=\"wp-block-image size-medium\"><a href=\"http:\/\/galerii.eaa.ee\/vabaduse\/wp-content\/uploads\/Aime-Kuulbusch_4.jpg.jpg\"><img loading=\"lazy\" decoding=\"async\" width=\"300\" height=\"194\" data-id=\"2149\" src=\"http:\/\/galerii.eaa.ee\/vabaduse\/wp-content\/uploads\/Aime-Kuulbusch_4.jpg-300x194.jpg\" alt=\"\" class=\"wp-image-2149\" srcset=\"https:\/\/galerii.eaa.ee\/vabaduse\/wp-content\/uploads\/Aime-Kuulbusch_4.jpg-300x194.jpg 300w, https:\/\/galerii.eaa.ee\/vabaduse\/wp-content\/uploads\/Aime-Kuulbusch_4.jpg.jpg 720w\" sizes=\"auto, (max-width: 300px) 100vw, 300px\" \/><\/a><\/figure>\n\n\n\n<figure class=\"wp-block-image size-medium\"><a href=\"http:\/\/galerii.eaa.ee\/vabaduse\/wp-content\/uploads\/Aime-Kuulbusch_Juhan-Viiding.jpg.jpg\"><img loading=\"lazy\" decoding=\"async\" width=\"300\" height=\"222\" data-id=\"2150\" src=\"http:\/\/galerii.eaa.ee\/vabaduse\/wp-content\/uploads\/Aime-Kuulbusch_Juhan-Viiding.jpg-300x222.jpg\" alt=\"\" class=\"wp-image-2150\" srcset=\"https:\/\/galerii.eaa.ee\/vabaduse\/wp-content\/uploads\/Aime-Kuulbusch_Juhan-Viiding.jpg-300x222.jpg 300w, https:\/\/galerii.eaa.ee\/vabaduse\/wp-content\/uploads\/Aime-Kuulbusch_Juhan-Viiding.jpg.jpg 720w\" sizes=\"auto, (max-width: 300px) 100vw, 300px\" \/><\/a><\/figure>\n<\/figure>\n","protected":false},"excerpt":{"rendered":"<p>Olete oodatud Aime Kuulbuschi n\u00e4itusele Puudutus Vabaduse galeriis. N\u00e4itus on avatud 1.-19. XI 2017.N\u00e4ituse viimasel p\u00e4eval, p\u00fchap\u00e4eval, 19.11.2017 algusega kell 16.00 on galeriis kohtumine Aime Kuulbuschiga. Aime Kuulbusch on \u00fcks eesti huvitavamaid skulptoreid-portretiste. Ta on tegutsenud meie kunstimaastikul juba ligi pool sajandit. Nagu enamik tema p\u00f5lvkonna, 1970ndate algul avalikkuse ette astunud kunstnikke, kehtestas ka Kuulbusch [&hellip;]<\/p>\n","protected":false},"author":1,"featured_media":2145,"comment_status":"closed","ping_status":"closed","sticky":false,"template":"","format":"standard","meta":{"_uag_custom_page_level_css":"","site-sidebar-layout":"default","site-content-layout":"default","ast-site-content-layout":"","site-content-style":"default","site-sidebar-style":"default","ast-global-header-display":"","ast-banner-title-visibility":"","ast-main-header-display":"","ast-hfb-above-header-display":"","ast-hfb-below-header-display":"","ast-hfb-mobile-header-display":"","site-post-title":"","ast-breadcrumbs-content":"","ast-featured-img":"","footer-sml-layout":"","theme-transparent-header-meta":"default","adv-header-id-meta":"","stick-header-meta":"","header-above-stick-meta":"","header-main-stick-meta":"","header-below-stick-meta":"","astra-migrate-meta-layouts":"default","ast-page-background-enabled":"default","ast-page-background-meta":{"desktop":{"background-color":"var(--ast-global-color-4)","background-image":"","background-repeat":"repeat","background-position":"center center","background-size":"auto","background-attachment":"scroll","background-type":"","background-media":"","overlay-type":"","overlay-color":"","overlay-opacity":"","overlay-gradient":""},"tablet":{"background-color":"","background-image":"","background-repeat":"repeat","background-position":"center center","background-size":"auto","background-attachment":"scroll","background-type":"","background-media":"","overlay-type":"","overlay-color":"","overlay-opacity":"","overlay-gradient":""},"mobile":{"background-color":"","background-image":"","background-repeat":"repeat","background-position":"center center","background-size":"auto","background-attachment":"scroll","background-type":"","background-media":"","overlay-type":"","overlay-color":"","overlay-opacity":"","overlay-gradient":""}},"ast-content-background-meta":{"desktop":{"background-color":"var(--ast-global-color-5)","background-image":"","background-repeat":"repeat","background-position":"center center","background-size":"auto","background-attachment":"scroll","background-type":"","background-media":"","overlay-type":"","overlay-color":"","overlay-opacity":"","overlay-gradient":""},"tablet":{"background-color":"var(--ast-global-color-5)","background-image":"","background-repeat":"repeat","background-position":"center center","background-size":"auto","background-attachment":"scroll","background-type":"","background-media":"","overlay-type":"","overlay-color":"","overlay-opacity":"","overlay-gradient":""},"mobile":{"background-color":"var(--ast-global-color-5)","background-image":"","background-repeat":"repeat","background-position":"center center","background-size":"auto","background-attachment":"scroll","background-type":"","background-media":"","overlay-type":"","overlay-color":"","overlay-opacity":"","overlay-gradient":""}},"footnotes":""},"categories":[20],"tags":[],"class_list":["post-2144","post","type-post","status-publish","format-standard","has-post-thumbnail","hentry","category-20"],"uagb_featured_image_src":{"full":["https:\/\/galerii.eaa.ee\/vabaduse\/wp-content\/uploads\/folderimage-58.jpg",720,220,false],"thumbnail":["https:\/\/galerii.eaa.ee\/vabaduse\/wp-content\/uploads\/folderimage-58-150x150.jpg",150,150,true],"medium":["https:\/\/galerii.eaa.ee\/vabaduse\/wp-content\/uploads\/folderimage-58-300x92.jpg",300,92,true],"medium_large":["https:\/\/galerii.eaa.ee\/vabaduse\/wp-content\/uploads\/folderimage-58.jpg",720,220,false],"large":["https:\/\/galerii.eaa.ee\/vabaduse\/wp-content\/uploads\/folderimage-58.jpg",720,220,false],"1536x1536":["https:\/\/galerii.eaa.ee\/vabaduse\/wp-content\/uploads\/folderimage-58.jpg",720,220,false],"2048x2048":["https:\/\/galerii.eaa.ee\/vabaduse\/wp-content\/uploads\/folderimage-58.jpg",720,220,false]},"uagb_author_info":{"display_name":"vabadusegalerii","author_link":"https:\/\/galerii.eaa.ee\/vabaduse\/?author=1"},"uagb_comment_info":0,"uagb_excerpt":"Olete oodatud Aime Kuulbuschi n\u00e4itusele Puudutus Vabaduse galeriis. N\u00e4itus on avatud 1.-19. XI 2017.N\u00e4ituse viimasel p\u00e4eval, p\u00fchap\u00e4eval, 19.11.2017 algusega kell 16.00 on galeriis kohtumine Aime Kuulbuschiga. Aime Kuulbusch on \u00fcks eesti huvitavamaid skulptoreid-portretiste. Ta on tegutsenud meie kunstimaastikul juba ligi pool sajandit. Nagu enamik tema p\u00f5lvkonna, 1970ndate algul avalikkuse ette astunud kunstnikke, kehtestas ka Kuulbusch&hellip;","_links":{"self":[{"href":"https:\/\/galerii.eaa.ee\/vabaduse\/index.php?rest_route=\/wp\/v2\/posts\/2144","targetHints":{"allow":["GET"]}}],"collection":[{"href":"https:\/\/galerii.eaa.ee\/vabaduse\/index.php?rest_route=\/wp\/v2\/posts"}],"about":[{"href":"https:\/\/galerii.eaa.ee\/vabaduse\/index.php?rest_route=\/wp\/v2\/types\/post"}],"author":[{"embeddable":true,"href":"https:\/\/galerii.eaa.ee\/vabaduse\/index.php?rest_route=\/wp\/v2\/users\/1"}],"replies":[{"embeddable":true,"href":"https:\/\/galerii.eaa.ee\/vabaduse\/index.php?rest_route=%2Fwp%2Fv2%2Fcomments&post=2144"}],"version-history":[{"count":0,"href":"https:\/\/galerii.eaa.ee\/vabaduse\/index.php?rest_route=\/wp\/v2\/posts\/2144\/revisions"}],"wp:featuredmedia":[{"embeddable":true,"href":"https:\/\/galerii.eaa.ee\/vabaduse\/index.php?rest_route=\/wp\/v2\/media\/2145"}],"wp:attachment":[{"href":"https:\/\/galerii.eaa.ee\/vabaduse\/index.php?rest_route=%2Fwp%2Fv2%2Fmedia&parent=2144"}],"wp:term":[{"taxonomy":"category","embeddable":true,"href":"https:\/\/galerii.eaa.ee\/vabaduse\/index.php?rest_route=%2Fwp%2Fv2%2Fcategories&post=2144"},{"taxonomy":"post_tag","embeddable":true,"href":"https:\/\/galerii.eaa.ee\/vabaduse\/index.php?rest_route=%2Fwp%2Fv2%2Ftags&post=2144"}],"curies":[{"name":"wp","href":"https:\/\/api.w.org\/{rel}","templated":true}]}}