{"id":2152,"date":"2023-01-07T21:23:48","date_gmt":"2023-01-07T19:23:48","guid":{"rendered":"https:\/\/test.raplakunst.eu\/?p=2152"},"modified":"2023-01-07T21:23:48","modified_gmt":"2023-01-07T19:23:48","slug":"jaan-elken-lendab-ule","status":"publish","type":"post","link":"https:\/\/galerii.eaa.ee\/vabaduse\/?p=2152","title":{"rendered":"Jaan Elken. Lendab \u00fcle<h3><span class='sec'>21.11.-10.12.2017<\/span><\/h3>"},"content":{"rendered":"<p><strong>Olete oodatud Jaan Elkeni n\u00e4ituse &#8220;Lendab \u00fcle&#8221; avamisele Vabaduse galeriis teisip\u00e4eval, 21. novembril kell 18.00. N\u00e4itus on lahti 21.11.-10.12.2017.<\/strong><\/p>\n<p>Vabaduse galerii n\u00e4itusega j\u00e4tkab Jaan Elken nn avarate maastike sarja, mille algust v\u00f5is n\u00e4ha n\u00e4itustel &#8220;Kirjutatud on..&#8221; Tallinna Linnagaleriis 2012. aastal ja &#8220;Strawberry Fields&#8221; Vabaduse galeriis 2013. aastal. Tema kohati autobiograafilistel, kohati universaalsemale kogemusele apelleerivatel maastike arhet\u00fc\u00fcpidel on kaasatud valkjas-hallid vikerkaared meenutavad kord kaotatut ja\/v\u00f5i eesootavat, midagi, mille iseloomustamiseks on kunstnik kasutanud poeetilist m\u00f5tet: &#8220;Somewhere over the rainbow skies are blue.&#8221;<br \/>\n<a href=\"http:\/\/galerii.eaa.ee\/vabaduse\/wp-content\/uploads\/23622441_10210902168173503_5103323570371854970_n.jpg\"><img loading=\"lazy\" decoding=\"async\" class=\"alignright size-medium wp-image-2154\" src=\"http:\/\/galerii.eaa.ee\/vabaduse\/wp-content\/uploads\/23622441_10210902168173503_5103323570371854970_n-300x267.jpg\" alt=\"\" width=\"300\" height=\"267\" srcset=\"https:\/\/galerii.eaa.ee\/vabaduse\/wp-content\/uploads\/23622441_10210902168173503_5103323570371854970_n-300x267.jpg 300w, https:\/\/galerii.eaa.ee\/vabaduse\/wp-content\/uploads\/23622441_10210902168173503_5103323570371854970_n.jpg 720w\" sizes=\"auto, (max-width: 300px) 100vw, 300px\" \/><\/a><\/p>\n<p>Kunstnik ise v\u00f5tab oma uue n\u00e4ituse kokku:<\/p>\n<p>&#8220;Kui valida piisavalt k\u00f5rge vaatepunkt, kaovad detailid, lahustuvad v\u00e4rvid, sulavad kokku vormid.<br \/>\nJ\u00e4\u00e4b silmapiir, \u00fcleval-all jaotus, arusaamine heast ja halvast, pimeduse ja valguse suur dihhotoomia. Muusika, kui enim inimhinge k\u00f5netava kunstivormi suurus asetseb kunstide kirjutamata edetabelis erilisel kohal &#8211; evides looja poolt vaadates kindlat kavatsuslikkust ja ranget \u00fclesehitust, vallandab ta ka kompositsiooni n\u00f6 lugevas kuulajas m\u00fcriaadi assotsiatsioone ja meeleoluvarjundeid, ja k\u00f5ik see j\u00e4\u00e4b abstraktsele tasandile! Sama kavakindel on ka hea arhitekti looming, mis vaatajale ruumipoeetilisi kogemusi pakub ja inimeksistentsi v\u00e4\u00e4rtustab.<\/p>\n<p>Maalikunst on praegu ehk \u00f5nnelikuimas positsioonis kogu oma mitmetuhande-aastase eksistentsi jooksul. Vaba kujutamise kohustustest (sest uued digitaalsed meediad on need funktsioonid \u00fcles korjanud), vaba ka modernistlike vormieksperimentide painest (sest teekond &#8220;maailma l\u00f5ppu&#8221; ja tagasi on juba l\u00e4bi k\u00e4idud), j\u00e4\u00e4nud on vabadus toimetada omaenda universumis.<br \/>\nKui k\u00f5ik \u00e4ra v\u00f5tta, j\u00e4\u00e4b silmapiir, kui ka silmapiir \u00e4ra v\u00f5tta, j\u00e4\u00e4b t\u00fchi l\u00f5uend. J\u00e4\u00e4b t\u00e4ieliku vabaduse tunne, k\u00f5ik on v\u00f5imalik.. ja mitte midagi ei ole v\u00f5imalik! Anon\u00fc\u00fcmsed pintsli- v\u00f5i spaatlil\u00f6\u00f6gid on iseenesest siiski vaid noodid (ehitusdetailid) suurema hoone ehitamiseks. Kui sulle antud hooneks on hetkel siis k\u00f5igest Vabaduse galerii.<\/p>\n<p>Suurlinnade lennujaamade ruumikogemuste kontrastsus, kus futuristlike terminalide n\u00f6 inimese loodud t\u00fchjustundele j\u00e4rgneb hoopis universaalsem t\u00fchjusetunne lennuradadel, kus kiirenduse joovastus asendub transtsendentaalse kulgemisega, kui liikumise kiirust ega aegruumi enam tavap\u00e4rasel viisil ei taju &#8211; pealpool pilvi.&#8221;<\/p>\n<p>T\u00e4name Eesti Kultuurkapitali<\/p>\n<p>Veel teavet:<br \/>\nJaan Elken, e-post:<a href=\"mailto:jaan.elken@eaa.ee\">jaan.elken@eaa.ee<\/a><br \/>\nGalerist Reet Varblane, tel 55655014<\/p>\n","protected":false},"excerpt":{"rendered":"<p>Olete oodatud Jaan Elkeni n\u00e4ituse &#8220;Lendab \u00fcle&#8221; avamisele Vabaduse galeriis teisip\u00e4eval, 21. novembril kell 18.00. N\u00e4itus on lahti 21.11.-10.12.2017. Vabaduse galerii n\u00e4itusega j\u00e4tkab Jaan Elken nn avarate maastike sarja, mille algust v\u00f5is n\u00e4ha n\u00e4itustel &#8220;Kirjutatud on..&#8221; Tallinna Linnagaleriis 2012. aastal ja &#8220;Strawberry Fields&#8221; Vabaduse galeriis 2013. aastal. Tema kohati autobiograafilistel, kohati universaalsemale kogemusele apelleerivatel maastike [&hellip;]<\/p>\n","protected":false},"author":1,"featured_media":2153,"comment_status":"closed","ping_status":"closed","sticky":false,"template":"","format":"standard","meta":{"_uag_custom_page_level_css":"","site-sidebar-layout":"default","site-content-layout":"default","ast-site-content-layout":"","site-content-style":"default","site-sidebar-style":"default","ast-global-header-display":"","ast-banner-title-visibility":"","ast-main-header-display":"","ast-hfb-above-header-display":"","ast-hfb-below-header-display":"","ast-hfb-mobile-header-display":"","site-post-title":"","ast-breadcrumbs-content":"","ast-featured-img":"","footer-sml-layout":"","theme-transparent-header-meta":"default","adv-header-id-meta":"","stick-header-meta":"","header-above-stick-meta":"","header-main-stick-meta":"","header-below-stick-meta":"","astra-migrate-meta-layouts":"default","ast-page-background-enabled":"default","ast-page-background-meta":{"desktop":{"background-color":"var(--ast-global-color-4)","background-image":"","background-repeat":"repeat","background-position":"center center","background-size":"auto","background-attachment":"scroll","background-type":"","background-media":"","overlay-type":"","overlay-color":"","overlay-opacity":"","overlay-gradient":""},"tablet":{"background-color":"","background-image":"","background-repeat":"repeat","background-position":"center center","background-size":"auto","background-attachment":"scroll","background-type":"","background-media":"","overlay-type":"","overlay-color":"","overlay-opacity":"","overlay-gradient":""},"mobile":{"background-color":"","background-image":"","background-repeat":"repeat","background-position":"center center","background-size":"auto","background-attachment":"scroll","background-type":"","background-media":"","overlay-type":"","overlay-color":"","overlay-opacity":"","overlay-gradient":""}},"ast-content-background-meta":{"desktop":{"background-color":"var(--ast-global-color-5)","background-image":"","background-repeat":"repeat","background-position":"center center","background-size":"auto","background-attachment":"scroll","background-type":"","background-media":"","overlay-type":"","overlay-color":"","overlay-opacity":"","overlay-gradient":""},"tablet":{"background-color":"var(--ast-global-color-5)","background-image":"","background-repeat":"repeat","background-position":"center center","background-size":"auto","background-attachment":"scroll","background-type":"","background-media":"","overlay-type":"","overlay-color":"","overlay-opacity":"","overlay-gradient":""},"mobile":{"background-color":"var(--ast-global-color-5)","background-image":"","background-repeat":"repeat","background-position":"center center","background-size":"auto","background-attachment":"scroll","background-type":"","background-media":"","overlay-type":"","overlay-color":"","overlay-opacity":"","overlay-gradient":""}},"footnotes":""},"categories":[20],"tags":[],"class_list":["post-2152","post","type-post","status-publish","format-standard","has-post-thumbnail","hentry","category-20"],"uagb_featured_image_src":{"full":["https:\/\/galerii.eaa.ee\/vabaduse\/wp-content\/uploads\/folderimage-59.jpg",720,220,false],"thumbnail":["https:\/\/galerii.eaa.ee\/vabaduse\/wp-content\/uploads\/folderimage-59-150x150.jpg",150,150,true],"medium":["https:\/\/galerii.eaa.ee\/vabaduse\/wp-content\/uploads\/folderimage-59-300x92.jpg",300,92,true],"medium_large":["https:\/\/galerii.eaa.ee\/vabaduse\/wp-content\/uploads\/folderimage-59.jpg",720,220,false],"large":["https:\/\/galerii.eaa.ee\/vabaduse\/wp-content\/uploads\/folderimage-59.jpg",720,220,false],"1536x1536":["https:\/\/galerii.eaa.ee\/vabaduse\/wp-content\/uploads\/folderimage-59.jpg",720,220,false],"2048x2048":["https:\/\/galerii.eaa.ee\/vabaduse\/wp-content\/uploads\/folderimage-59.jpg",720,220,false]},"uagb_author_info":{"display_name":"vabadusegalerii","author_link":"https:\/\/galerii.eaa.ee\/vabaduse\/?author=1"},"uagb_comment_info":0,"uagb_excerpt":"Olete oodatud Jaan Elkeni n\u00e4ituse &#8220;Lendab \u00fcle&#8221; avamisele Vabaduse galeriis teisip\u00e4eval, 21. novembril kell 18.00. N\u00e4itus on lahti 21.11.-10.12.2017. Vabaduse galerii n\u00e4itusega j\u00e4tkab Jaan Elken nn avarate maastike sarja, mille algust v\u00f5is n\u00e4ha n\u00e4itustel &#8220;Kirjutatud on..&#8221; Tallinna Linnagaleriis 2012. aastal ja &#8220;Strawberry Fields&#8221; Vabaduse galeriis 2013. aastal. Tema kohati autobiograafilistel, kohati universaalsemale kogemusele apelleerivatel maastike&hellip;","_links":{"self":[{"href":"https:\/\/galerii.eaa.ee\/vabaduse\/index.php?rest_route=\/wp\/v2\/posts\/2152","targetHints":{"allow":["GET"]}}],"collection":[{"href":"https:\/\/galerii.eaa.ee\/vabaduse\/index.php?rest_route=\/wp\/v2\/posts"}],"about":[{"href":"https:\/\/galerii.eaa.ee\/vabaduse\/index.php?rest_route=\/wp\/v2\/types\/post"}],"author":[{"embeddable":true,"href":"https:\/\/galerii.eaa.ee\/vabaduse\/index.php?rest_route=\/wp\/v2\/users\/1"}],"replies":[{"embeddable":true,"href":"https:\/\/galerii.eaa.ee\/vabaduse\/index.php?rest_route=%2Fwp%2Fv2%2Fcomments&post=2152"}],"version-history":[{"count":0,"href":"https:\/\/galerii.eaa.ee\/vabaduse\/index.php?rest_route=\/wp\/v2\/posts\/2152\/revisions"}],"wp:featuredmedia":[{"embeddable":true,"href":"https:\/\/galerii.eaa.ee\/vabaduse\/index.php?rest_route=\/wp\/v2\/media\/2153"}],"wp:attachment":[{"href":"https:\/\/galerii.eaa.ee\/vabaduse\/index.php?rest_route=%2Fwp%2Fv2%2Fmedia&parent=2152"}],"wp:term":[{"taxonomy":"category","embeddable":true,"href":"https:\/\/galerii.eaa.ee\/vabaduse\/index.php?rest_route=%2Fwp%2Fv2%2Fcategories&post=2152"},{"taxonomy":"post_tag","embeddable":true,"href":"https:\/\/galerii.eaa.ee\/vabaduse\/index.php?rest_route=%2Fwp%2Fv2%2Ftags&post=2152"}],"curies":[{"name":"wp","href":"https:\/\/api.w.org\/{rel}","templated":true}]}}