{"id":2308,"date":"2023-01-07T22:10:00","date_gmt":"2023-01-07T20:10:00","guid":{"rendered":"https:\/\/test.raplakunst.eu\/?p=2308"},"modified":"2023-01-07T22:10:00","modified_gmt":"2023-01-07T20:10:00","slug":"jaan-luik-sisekone","status":"publish","type":"post","link":"https:\/\/galerii.eaa.ee\/vabaduse\/?p=2308","title":{"rendered":"Jaan Luik. Sisek\u00f5ne<h3><span class='sec'>7-26.06.2019<\/span><\/h3>"},"content":{"rendered":"\n<p><strong>Skulptor Jaan Luik on tegutsenud Eesti kunstis neli aastak\u00fcmmet: 1979. aastast peale on ta t\u00f6\u00f6d olnud v\u00e4ljas Tartu kunsti aastan\u00e4itustel ja 1980. aastast Eesti kunsti kevad- ja s\u00fcgisn\u00e4itustel.<\/strong><\/p>\n\n\n\n<p>Jaan Luike v\u00f5ib m\u00e4\u00e4ratleda ka kitsamalt Tartu kunstnikuna, sest ta on elanud ja t\u00f6\u00f6tanud peamiselt Tartus, \u00f5petanud Tartu kunstikoolis ja k\u00f5rgemas kunstikoolis (1979 ?2000), juhtinud k\u00f5rgema kunstikooli skulptuuriosakonda (2011 ? 2014), olnud ka Tartu Kunstnike Liidu esimees (1995 ? 1997, 2003?2004). Jaan Luige elu ei ole kulgenud ainult Tartus, ta \u00f5petas skulptuuri ka Soomes Imatra k\u00f5rgemas kunstikoolis (1995?2011).<br>Jaan Luik on ka hingelt Tartu kunstnik, seda just Tartu kultuuri ja kunsti traditsioonilises m\u00f5ttes: modernistina on teda huvitanud vormim\u00e4ngud ja vormiv\u00f5imalused, aga tema l\u00e4htepunkt on kultuurip\u00e4rand ja -t\u00e4hendused.<br>Jaan Luik on p\u00f5hjalikult tegelenud m\u00e4rkidega ? piltkirja kujutiste ja ka t\u00e4hem\u00e4rkidega, mis v\u00f5ivad meie kultuuriruumis, ladina v\u00f5i ka kirillitsa kirjam\u00e4rkidega harjunud inimestele tunduda salap\u00e4raste, kr\u00fcptilistena ning seet\u00f5ttu kipume neid hindama eelk\u00f5ige esteetilisest k\u00fcljest dekoratiivsete abstraktsete kujunditena. Jaan Luigele on t\u00e4htsad m\u00f5lemad aspektid: m\u00e4rgi algne t\u00e4hendus ning selle muutumine abstraktseks kunstiobjektiks. Ehk kui palju tohib m\u00e4rki muuta, et sellel s\u00e4iliks veel algne t\u00e4hendus, aga et see toimiks ka omaette kolmem\u00f5\u00f5tmelise kunstiteosena? Kuid Jaan Luik ei ole piirdunud ainult hierogl\u00fc\u00fcfide v\u00f5i piltkirja dekonstrueerimisega, ta on m\u00f5elnud v\u00e4lja ka oma piltkirjalisi kujundeid ja arendanud neist oma hierogl\u00fc\u00fcfe.<br>Eesti Vabariigi Hiina suursaatkonnas Pekingis on eksponeeritud Jaan Luige ja tema poja, t\u00e4navu Eesti kunstiakadeemias bakalaureusekraadi kaitsnud noore skulptori Johannes Luige \u00fchist\u00f6\u00f6 ?Kulgemine?, kus on kasutatud kulgemist t\u00e4histava hiina hierogl\u00fc\u00fcfi Dao ja meie piirkonnale omase muinaslaeva vormi sarnasust ning selle p\u00f5hjal arendatud s\u00fcntees.<br>Vabaduse galeriis on v\u00e4ljas peamiselt viimaste aastate looming, vaid kaks teost, nende seas ka Pekingi saatkonna ?Kulgemisele? eelnenud kompositsioon, on k\u00fcmne aasta tagusest ajast. Jaan Luik on pealkirjastanud oma n\u00e4ituse ?Sisek\u00f5nena?, kuid seda v\u00f5ib vaadata ka dialoogina, mida kunstnik peab inspiratsiooniallikate, materjali ? tema lemmikmaterjal on pronks ja graniit, aga ta on kasutanud alumiiniumi jt materjale ? ning ka iseendaga. Vanemate ja uuemate teoste dialoogi loomisel oli abiks Johannes Luik. Isal ja pojal tuleb Tartu Kunstimaja Monumentaalgaleriis juulis \u00fchisn\u00e4itus ?Dialoog?.<br>Reet Varblane<br>Sisek\u00f5ne<\/p>\n\n\n\n<p>Oma teoste materjalina olen kasutanud puitu, graniiti, marmorit, plastmassi, savi ja alumiiniumit, k\u00f5ige rohkem on meeldinud pronks. Praegu t\u00f6\u00f6tangi p\u00f5hiliselt sellega.&nbsp;<\/p>\n\n\n\n<p>Kuna mul pole Tallinnas kaua aega personaaln\u00e4itust olnud, siis ei ole ?Sisek\u00f5nes? v\u00e4ljas mitte ainult viimase aja looming, vaid noppisin hulka ka m\u00f5ned vanemad pronksid.<\/p>\n\n\n\n<p>Juba v\u00e4ga pikalt on mind huvitanud m\u00e4rgid ja s\u00fcmbolid. Olen oma t\u00f6\u00f6des k\u00e4sitlenud egiptuse, aafrika ja ka kristlikku s\u00fcmboolikat. Olen kasutanud ka hierogl\u00fc\u00fcfe, modifitseerinud need tagasi pildiliseks kujundiks.<\/p>\n\n\n\n<p>Kuna praegusel ajal saab kahem\u00f5\u00f5tmelisi kujundeid modelleerida 3D abil, ei ole minu t\u00f6\u00f6des niiv\u00f5rd oluline t\u00e4psus, isegi vastupidi ? olen proovinud s\u00e4ilitada v\u00f5imalikult palju k\u00e4e puudutust, j\u00e4lge. See t\u00e4hendab, et k\u00f5ige t\u00e4htsam on hetkeemotsioon, -meeleolu, -seisund. See v\u00f5ib olla tingitud l\u00f5hnast, m\u00f5ttest, aistingust, meeleolust. See on midagi hetkelist, isegi tabamatut. Nagu linnu tiival\u00f6\u00f6k \u00f5hus.<\/p>\n\n\n\n<p>Jaan Luik<\/p>\n\n\n\n<figure class=\"wp-block-gallery has-nested-images columns-4 is-cropped wp-block-gallery-1 is-layout-flex wp-block-gallery-is-layout-flex\">\n<figure class=\"wp-block-image size-full\"><a href=\"http:\/\/galerii.eaa.ee\/vabaduse\/wp-content\/uploads\/Jaan-Luik1_foto-Sirja-Liisa-Eelma.jpg\"><img loading=\"lazy\" decoding=\"async\" width=\"720\" height=\"482\" data-id=\"2310\" src=\"http:\/\/galerii.eaa.ee\/vabaduse\/wp-content\/uploads\/Jaan-Luik1_foto-Sirja-Liisa-Eelma.jpg\" alt=\"\" class=\"wp-image-2310\" srcset=\"https:\/\/galerii.eaa.ee\/vabaduse\/wp-content\/uploads\/Jaan-Luik1_foto-Sirja-Liisa-Eelma.jpg 720w, https:\/\/galerii.eaa.ee\/vabaduse\/wp-content\/uploads\/Jaan-Luik1_foto-Sirja-Liisa-Eelma-300x201.jpg 300w\" sizes=\"auto, (max-width: 720px) 100vw, 720px\" \/><\/a><\/figure>\n\n\n\n<figure class=\"wp-block-image size-full\"><a href=\"http:\/\/galerii.eaa.ee\/vabaduse\/wp-content\/uploads\/Jaan-Luik2_foto-Sirja-Liisa-Eelma.jpg\"><img loading=\"lazy\" decoding=\"async\" width=\"720\" height=\"482\" data-id=\"2311\" src=\"http:\/\/galerii.eaa.ee\/vabaduse\/wp-content\/uploads\/Jaan-Luik2_foto-Sirja-Liisa-Eelma.jpg\" alt=\"\" class=\"wp-image-2311\" srcset=\"https:\/\/galerii.eaa.ee\/vabaduse\/wp-content\/uploads\/Jaan-Luik2_foto-Sirja-Liisa-Eelma.jpg 720w, https:\/\/galerii.eaa.ee\/vabaduse\/wp-content\/uploads\/Jaan-Luik2_foto-Sirja-Liisa-Eelma-300x201.jpg 300w\" sizes=\"auto, (max-width: 720px) 100vw, 720px\" \/><\/a><\/figure>\n\n\n\n<figure class=\"wp-block-image size-full\"><a href=\"http:\/\/galerii.eaa.ee\/vabaduse\/wp-content\/uploads\/Jaan-Luik3_foto-Sirja-Liisa-Eelma.jpg\"><img loading=\"lazy\" decoding=\"async\" width=\"720\" height=\"482\" data-id=\"2312\" src=\"http:\/\/galerii.eaa.ee\/vabaduse\/wp-content\/uploads\/Jaan-Luik3_foto-Sirja-Liisa-Eelma.jpg\" alt=\"\" class=\"wp-image-2312\" srcset=\"https:\/\/galerii.eaa.ee\/vabaduse\/wp-content\/uploads\/Jaan-Luik3_foto-Sirja-Liisa-Eelma.jpg 720w, https:\/\/galerii.eaa.ee\/vabaduse\/wp-content\/uploads\/Jaan-Luik3_foto-Sirja-Liisa-Eelma-300x201.jpg 300w\" sizes=\"auto, (max-width: 720px) 100vw, 720px\" \/><\/a><\/figure>\n\n\n\n<figure class=\"wp-block-image size-full\"><a href=\"http:\/\/galerii.eaa.ee\/vabaduse\/wp-content\/uploads\/Jaan-Luik4_foto-Sirja-Liisa-Eelma.jpg\"><img loading=\"lazy\" decoding=\"async\" width=\"720\" height=\"452\" data-id=\"2313\" src=\"http:\/\/galerii.eaa.ee\/vabaduse\/wp-content\/uploads\/Jaan-Luik4_foto-Sirja-Liisa-Eelma.jpg\" alt=\"\" class=\"wp-image-2313\" srcset=\"https:\/\/galerii.eaa.ee\/vabaduse\/wp-content\/uploads\/Jaan-Luik4_foto-Sirja-Liisa-Eelma.jpg 720w, https:\/\/galerii.eaa.ee\/vabaduse\/wp-content\/uploads\/Jaan-Luik4_foto-Sirja-Liisa-Eelma-300x188.jpg 300w\" sizes=\"auto, (max-width: 720px) 100vw, 720px\" \/><\/a><\/figure>\n\n\n\n<figure class=\"wp-block-image size-full\"><a href=\"http:\/\/galerii.eaa.ee\/vabaduse\/wp-content\/uploads\/Jaan-Luik5_foto-Sirja-Liisa-Eelma.jpg\"><img loading=\"lazy\" decoding=\"async\" width=\"720\" height=\"482\" data-id=\"2314\" src=\"http:\/\/galerii.eaa.ee\/vabaduse\/wp-content\/uploads\/Jaan-Luik5_foto-Sirja-Liisa-Eelma.jpg\" alt=\"\" class=\"wp-image-2314\" srcset=\"https:\/\/galerii.eaa.ee\/vabaduse\/wp-content\/uploads\/Jaan-Luik5_foto-Sirja-Liisa-Eelma.jpg 720w, https:\/\/galerii.eaa.ee\/vabaduse\/wp-content\/uploads\/Jaan-Luik5_foto-Sirja-Liisa-Eelma-300x201.jpg 300w\" sizes=\"auto, (max-width: 720px) 100vw, 720px\" \/><\/a><\/figure>\n\n\n\n<figure class=\"wp-block-image size-full\"><a href=\"http:\/\/galerii.eaa.ee\/vabaduse\/wp-content\/uploads\/Jaan-Luik6_foto-Sirja-Liisa-Eelma.jpg\"><img loading=\"lazy\" decoding=\"async\" width=\"720\" height=\"482\" data-id=\"2315\" src=\"http:\/\/galerii.eaa.ee\/vabaduse\/wp-content\/uploads\/Jaan-Luik6_foto-Sirja-Liisa-Eelma.jpg\" alt=\"\" class=\"wp-image-2315\" srcset=\"https:\/\/galerii.eaa.ee\/vabaduse\/wp-content\/uploads\/Jaan-Luik6_foto-Sirja-Liisa-Eelma.jpg 720w, https:\/\/galerii.eaa.ee\/vabaduse\/wp-content\/uploads\/Jaan-Luik6_foto-Sirja-Liisa-Eelma-300x201.jpg 300w\" sizes=\"auto, (max-width: 720px) 100vw, 720px\" \/><\/a><\/figure>\n\n\n\n<figure class=\"wp-block-image size-full\"><a href=\"http:\/\/galerii.eaa.ee\/vabaduse\/wp-content\/uploads\/Jaan-Luik7_foto-Sirja-Liisa-Eelma.jpg\"><img loading=\"lazy\" decoding=\"async\" width=\"720\" height=\"482\" data-id=\"2316\" src=\"http:\/\/galerii.eaa.ee\/vabaduse\/wp-content\/uploads\/Jaan-Luik7_foto-Sirja-Liisa-Eelma.jpg\" alt=\"\" class=\"wp-image-2316\" srcset=\"https:\/\/galerii.eaa.ee\/vabaduse\/wp-content\/uploads\/Jaan-Luik7_foto-Sirja-Liisa-Eelma.jpg 720w, https:\/\/galerii.eaa.ee\/vabaduse\/wp-content\/uploads\/Jaan-Luik7_foto-Sirja-Liisa-Eelma-300x201.jpg 300w\" sizes=\"auto, (max-width: 720px) 100vw, 720px\" \/><\/a><\/figure>\n<\/figure>\n","protected":false},"excerpt":{"rendered":"<p>Skulptor Jaan Luik on tegutsenud Eesti kunstis neli aastak\u00fcmmet: 1979. aastast peale on ta t\u00f6\u00f6d olnud v\u00e4ljas Tartu kunsti aastan\u00e4itustel ja 1980. aastast Eesti kunsti kevad- ja s\u00fcgisn\u00e4itustel. Jaan Luike v\u00f5ib m\u00e4\u00e4ratleda ka kitsamalt Tartu kunstnikuna, sest ta on elanud ja t\u00f6\u00f6tanud peamiselt Tartus, \u00f5petanud Tartu kunstikoolis ja k\u00f5rgemas kunstikoolis (1979 ?2000), juhtinud k\u00f5rgema kunstikooli [&hellip;]<\/p>\n","protected":false},"author":1,"featured_media":2309,"comment_status":"closed","ping_status":"closed","sticky":false,"template":"","format":"standard","meta":{"_uag_custom_page_level_css":"","site-sidebar-layout":"default","site-content-layout":"default","ast-site-content-layout":"","site-content-style":"default","site-sidebar-style":"default","ast-global-header-display":"","ast-banner-title-visibility":"","ast-main-header-display":"","ast-hfb-above-header-display":"","ast-hfb-below-header-display":"","ast-hfb-mobile-header-display":"","site-post-title":"","ast-breadcrumbs-content":"","ast-featured-img":"","footer-sml-layout":"","theme-transparent-header-meta":"default","adv-header-id-meta":"","stick-header-meta":"","header-above-stick-meta":"","header-main-stick-meta":"","header-below-stick-meta":"","astra-migrate-meta-layouts":"default","ast-page-background-enabled":"default","ast-page-background-meta":{"desktop":{"background-color":"var(--ast-global-color-4)","background-image":"","background-repeat":"repeat","background-position":"center center","background-size":"auto","background-attachment":"scroll","background-type":"","background-media":"","overlay-type":"","overlay-color":"","overlay-opacity":"","overlay-gradient":""},"tablet":{"background-color":"","background-image":"","background-repeat":"repeat","background-position":"center center","background-size":"auto","background-attachment":"scroll","background-type":"","background-media":"","overlay-type":"","overlay-color":"","overlay-opacity":"","overlay-gradient":""},"mobile":{"background-color":"","background-image":"","background-repeat":"repeat","background-position":"center center","background-size":"auto","background-attachment":"scroll","background-type":"","background-media":"","overlay-type":"","overlay-color":"","overlay-opacity":"","overlay-gradient":""}},"ast-content-background-meta":{"desktop":{"background-color":"var(--ast-global-color-5)","background-image":"","background-repeat":"repeat","background-position":"center center","background-size":"auto","background-attachment":"scroll","background-type":"","background-media":"","overlay-type":"","overlay-color":"","overlay-opacity":"","overlay-gradient":""},"tablet":{"background-color":"var(--ast-global-color-5)","background-image":"","background-repeat":"repeat","background-position":"center center","background-size":"auto","background-attachment":"scroll","background-type":"","background-media":"","overlay-type":"","overlay-color":"","overlay-opacity":"","overlay-gradient":""},"mobile":{"background-color":"var(--ast-global-color-5)","background-image":"","background-repeat":"repeat","background-position":"center center","background-size":"auto","background-attachment":"scroll","background-type":"","background-media":"","overlay-type":"","overlay-color":"","overlay-opacity":"","overlay-gradient":""}},"footnotes":""},"categories":[24],"tags":[],"class_list":["post-2308","post","type-post","status-publish","format-standard","has-post-thumbnail","hentry","category-24"],"uagb_featured_image_src":{"full":["https:\/\/galerii.eaa.ee\/vabaduse\/wp-content\/uploads\/folderimage-78.jpg",900,220,false],"thumbnail":["https:\/\/galerii.eaa.ee\/vabaduse\/wp-content\/uploads\/folderimage-78-150x150.jpg",150,150,true],"medium":["https:\/\/galerii.eaa.ee\/vabaduse\/wp-content\/uploads\/folderimage-78-300x73.jpg",300,73,true],"medium_large":["https:\/\/galerii.eaa.ee\/vabaduse\/wp-content\/uploads\/folderimage-78-768x188.jpg",768,188,true],"large":["https:\/\/galerii.eaa.ee\/vabaduse\/wp-content\/uploads\/folderimage-78.jpg",900,220,false],"1536x1536":["https:\/\/galerii.eaa.ee\/vabaduse\/wp-content\/uploads\/folderimage-78.jpg",900,220,false],"2048x2048":["https:\/\/galerii.eaa.ee\/vabaduse\/wp-content\/uploads\/folderimage-78.jpg",900,220,false]},"uagb_author_info":{"display_name":"vabadusegalerii","author_link":"https:\/\/galerii.eaa.ee\/vabaduse\/?author=1"},"uagb_comment_info":0,"uagb_excerpt":"Skulptor Jaan Luik on tegutsenud Eesti kunstis neli aastak\u00fcmmet: 1979. aastast peale on ta t\u00f6\u00f6d olnud v\u00e4ljas Tartu kunsti aastan\u00e4itustel ja 1980. aastast Eesti kunsti kevad- ja s\u00fcgisn\u00e4itustel. Jaan Luike v\u00f5ib m\u00e4\u00e4ratleda ka kitsamalt Tartu kunstnikuna, sest ta on elanud ja t\u00f6\u00f6tanud peamiselt Tartus, \u00f5petanud Tartu kunstikoolis ja k\u00f5rgemas kunstikoolis (1979 ?2000), juhtinud k\u00f5rgema kunstikooli&hellip;","_links":{"self":[{"href":"https:\/\/galerii.eaa.ee\/vabaduse\/index.php?rest_route=\/wp\/v2\/posts\/2308","targetHints":{"allow":["GET"]}}],"collection":[{"href":"https:\/\/galerii.eaa.ee\/vabaduse\/index.php?rest_route=\/wp\/v2\/posts"}],"about":[{"href":"https:\/\/galerii.eaa.ee\/vabaduse\/index.php?rest_route=\/wp\/v2\/types\/post"}],"author":[{"embeddable":true,"href":"https:\/\/galerii.eaa.ee\/vabaduse\/index.php?rest_route=\/wp\/v2\/users\/1"}],"replies":[{"embeddable":true,"href":"https:\/\/galerii.eaa.ee\/vabaduse\/index.php?rest_route=%2Fwp%2Fv2%2Fcomments&post=2308"}],"version-history":[{"count":0,"href":"https:\/\/galerii.eaa.ee\/vabaduse\/index.php?rest_route=\/wp\/v2\/posts\/2308\/revisions"}],"wp:featuredmedia":[{"embeddable":true,"href":"https:\/\/galerii.eaa.ee\/vabaduse\/index.php?rest_route=\/wp\/v2\/media\/2309"}],"wp:attachment":[{"href":"https:\/\/galerii.eaa.ee\/vabaduse\/index.php?rest_route=%2Fwp%2Fv2%2Fmedia&parent=2308"}],"wp:term":[{"taxonomy":"category","embeddable":true,"href":"https:\/\/galerii.eaa.ee\/vabaduse\/index.php?rest_route=%2Fwp%2Fv2%2Fcategories&post=2308"},{"taxonomy":"post_tag","embeddable":true,"href":"https:\/\/galerii.eaa.ee\/vabaduse\/index.php?rest_route=%2Fwp%2Fv2%2Ftags&post=2308"}],"curies":[{"name":"wp","href":"https:\/\/api.w.org\/{rel}","templated":true}]}}