{"id":2416,"date":"2023-01-07T21:34:12","date_gmt":"2023-01-07T19:34:12","guid":{"rendered":"https:\/\/test.raplakunst.eu\/?p=2416"},"modified":"2023-01-07T21:34:12","modified_gmt":"2023-01-07T19:34:12","slug":"vilen-kunnapu","status":"publish","type":"post","link":"https:\/\/galerii.eaa.ee\/vabaduse\/?p=2416","title":{"rendered":"Vilen K\u00fcnnapu. Maagiline Tallinn<h3><span class='sec'>10-28.03.2018<\/span><\/h3>"},"content":{"rendered":"<p><strong>Vilen K\u00fcnnapu n\u00e4ituse \u201cMaagiline Tallinn\u201d avamine on arhitektuuri- ja disainigaleriis reedel, 9. m\u00e4rtsil kell 17.<\/strong><br \/>\n<strong>Neljap\u00e4eval, 22. III algusega kell 18 on kohtumine kunstnikuga.<\/strong><br \/>\n<strong>N\u00e4itus on avatud 10. III \u2013 28. III 2018 ja n\u00e4itus kuulub Vabaduse galerii programmi.<\/strong><\/p>\n<p>Arhitekt Vilen K\u00fcnnapu on viimastel aastatel pannud ennast j\u00e4rjest enam maksma ka maalikunstnikuna. Tema suurel \u00fclevaaten\u00e4itusel arhitektuurimuuseumis 2016. aastal olid arhitektuuri \u2013 fotode, projektide, arhitektoonide \u2013 k\u00f5rval vaadata ka maalid. Tema maalide aines on peamiselt linn \u2013 majad, r\u00fctmid ja isegi hullumeelselt erksad v\u00e4rvid. Siiani on teda k\u00f6itnud peamiselt Vahemere maad ehk siis Euroopa kultuuri h\u00e4ll ja ta otsis sealsetes valgetes hoonetes arhet\u00fc\u00fcpsete ehitiste seadusp\u00e4ra ja poeesiat.<br \/>\nSeekordne n\u00e4itus on p\u00fchendatud Tallinnale ja nagu kunstnik ise on \u00f6elnud, p\u00fc\u00fcab ta oma Tallinna vaadetega anda edasi metaf\u00fc\u00fcsilist j\u00f5udu, mida ta linna meeldej\u00e4\u00e4vates s\u00f5lmkohtades n\u00e4eb: \u201cMind huvitab see n\u00e4htamatu asi, mis tekitab joovastuse, kannab su l\u00e4bi seinte ja annab vahel kokkupuute l\u00f5pmatusega. Elu on m\u00fcsteerium, seletagu \u00f5petlased palju jaksavad, ikkagi j\u00e4\u00e4b suur saladus p\u00fcsima. Usun, et kunsti abil on v\u00f5imalik selle salakambri ust veidi paotada ja saada hetkeks osa suurest saladusest.\u201d Sest ka vanadel aegadel ei j\u00e4etud \u00fchtegi j\u00e4lge ehk ei tehtud koopamaali niisama: maal oli pigem abivahend, s\u00f5iduk j\u00f5udmaks millegi m\u00fcstilise juurde.<\/p>\n<p>Villen K\u00fcnnapu<\/p>\n<p>Arhitekt ja kunstnik, s\u00fcndinud 1948 .a. Tallinnas. L\u00f5petanud 1971. a. Eesti Kunstiakadeemia (ERKI) arhitektina. Kuulus kunstir\u00fchmitustesse SOUP 69 ja Tallinna 10. On paljude huvitavate ehitiste autor, koos Ain Padrikuga v\u00f5itnud auhindu rahvusvahelistel arhitektuuriv\u00f5istlustel (Arktika keskus Rovaniemis, Soome, 1984, eripreemia; West Coast Gateway, Los Angeles, USA, 1988, II preemia, Marja-Vantaa planeering, Soome, 1992, I preemia jt.). Alates 1992.a. t\u00f6\u00f6tab arhitektuurib\u00fcroos K\u00fcnnapu &amp; Padrik (Metodisti kirik, 1994; hotell Radisson SAS 1999; Viru Keskus, 2004, Kolme Torni Maja Narva mnt-l, 2006 k\u00f5ik Tallinnas ning Tigutorn ja teaduskeskus AHHAA Tartus, 2008). Tema sulest on ilmunud raamatud \u201cK\u00fcnnapu &amp; Padrik. Valitud t\u00f6id.\u201d (1999), \u201c\u00dcle punase j\u00f5e\u201d (2001), \u201cTemplid ja tornid\u201d (2007) ja \u201cKoht. Kujund. Energia\u201d (2010).<br \/>\nK\u00fcnnapu on osalenud mitmetel kunsti- ja arhitektuurin\u00e4itustel kodu- ja v\u00e4lismaal (sealhulgas \u201cTaiwan Design Expo 2005\u201d, Veneetsia biennaal 2006 ja 2008, Londoni arhitektuurifestival 2010). Ta on eksponeerinud n\u00e4itustel v\u00e4ikesem\u00f5\u00f5dulisi skulptuure ja arhitektoone ning avalikus linnaruumis suurem\u00f5\u00f5tmelisi installatsioone. 2016. Aastal oli suur isikun\u00e4itus arhitektuurimuuseumis. K\u00fcnnapu on olnud k\u00fclalis\u00f5ppej\u00f5ud ja -lektor mitmetes Skandinaavia, Suurbritannia ja Shveitsi \u00fclikoolides. Oli 2006-2007 Tartu \u00dclikooli filosoofiateaduskonna vabade kunstide professor. Ta on \u00f5petanud Tallinna Tehnikak\u00f5rgkoolis ning kompositsiooni TT\u00dc arhitektuuri- ja urbanistikainstituudis.<\/p>\n","protected":false},"excerpt":{"rendered":"<p>Vilen K\u00fcnnapu n\u00e4ituse \u201cMaagiline Tallinn\u201d avamine on arhitektuuri- ja disainigaleriis reedel, 9. m\u00e4rtsil kell 17. Neljap\u00e4eval, 22. III algusega kell 18 on kohtumine kunstnikuga. N\u00e4itus on avatud 10. III \u2013 28. III 2018 ja n\u00e4itus kuulub Vabaduse galerii programmi. Arhitekt Vilen K\u00fcnnapu on viimastel aastatel pannud ennast j\u00e4rjest enam maksma ka maalikunstnikuna. Tema suurel \u00fclevaaten\u00e4itusel [&hellip;]<\/p>\n","protected":false},"author":1,"featured_media":2869,"comment_status":"closed","ping_status":"closed","sticky":false,"template":"","format":"standard","meta":{"_uag_custom_page_level_css":"","site-sidebar-layout":"default","site-content-layout":"default","ast-site-content-layout":"","site-content-style":"default","site-sidebar-style":"default","ast-global-header-display":"","ast-banner-title-visibility":"","ast-main-header-display":"","ast-hfb-above-header-display":"","ast-hfb-below-header-display":"","ast-hfb-mobile-header-display":"","site-post-title":"","ast-breadcrumbs-content":"","ast-featured-img":"","footer-sml-layout":"","theme-transparent-header-meta":"default","adv-header-id-meta":"","stick-header-meta":"","header-above-stick-meta":"","header-main-stick-meta":"","header-below-stick-meta":"","astra-migrate-meta-layouts":"default","ast-page-background-enabled":"default","ast-page-background-meta":{"desktop":{"background-color":"var(--ast-global-color-4)","background-image":"","background-repeat":"repeat","background-position":"center center","background-size":"auto","background-attachment":"scroll","background-type":"","background-media":"","overlay-type":"","overlay-color":"","overlay-opacity":"","overlay-gradient":""},"tablet":{"background-color":"","background-image":"","background-repeat":"repeat","background-position":"center center","background-size":"auto","background-attachment":"scroll","background-type":"","background-media":"","overlay-type":"","overlay-color":"","overlay-opacity":"","overlay-gradient":""},"mobile":{"background-color":"","background-image":"","background-repeat":"repeat","background-position":"center center","background-size":"auto","background-attachment":"scroll","background-type":"","background-media":"","overlay-type":"","overlay-color":"","overlay-opacity":"","overlay-gradient":""}},"ast-content-background-meta":{"desktop":{"background-color":"var(--ast-global-color-5)","background-image":"","background-repeat":"repeat","background-position":"center center","background-size":"auto","background-attachment":"scroll","background-type":"","background-media":"","overlay-type":"","overlay-color":"","overlay-opacity":"","overlay-gradient":""},"tablet":{"background-color":"var(--ast-global-color-5)","background-image":"","background-repeat":"repeat","background-position":"center center","background-size":"auto","background-attachment":"scroll","background-type":"","background-media":"","overlay-type":"","overlay-color":"","overlay-opacity":"","overlay-gradient":""},"mobile":{"background-color":"var(--ast-global-color-5)","background-image":"","background-repeat":"repeat","background-position":"center center","background-size":"auto","background-attachment":"scroll","background-type":"","background-media":"","overlay-type":"","overlay-color":"","overlay-opacity":"","overlay-gradient":""}},"footnotes":""},"categories":[22],"tags":[],"class_list":["post-2416","post","type-post","status-publish","format-standard","has-post-thumbnail","hentry","category-22"],"uagb_featured_image_src":{"full":["https:\/\/galerii.eaa.ee\/vabaduse\/wp-content\/uploads\/kynnapu18-1.jpg",1437,632,false],"thumbnail":["https:\/\/galerii.eaa.ee\/vabaduse\/wp-content\/uploads\/kynnapu18-1-150x150.jpg",150,150,true],"medium":["https:\/\/galerii.eaa.ee\/vabaduse\/wp-content\/uploads\/kynnapu18-1-300x132.jpg",300,132,true],"medium_large":["https:\/\/galerii.eaa.ee\/vabaduse\/wp-content\/uploads\/kynnapu18-1-768x338.jpg",768,338,true],"large":["https:\/\/galerii.eaa.ee\/vabaduse\/wp-content\/uploads\/kynnapu18-1-1024x450.jpg",1024,450,true],"1536x1536":["https:\/\/galerii.eaa.ee\/vabaduse\/wp-content\/uploads\/kynnapu18-1.jpg",1437,632,false],"2048x2048":["https:\/\/galerii.eaa.ee\/vabaduse\/wp-content\/uploads\/kynnapu18-1.jpg",1437,632,false]},"uagb_author_info":{"display_name":"vabadusegalerii","author_link":"https:\/\/galerii.eaa.ee\/vabaduse\/?author=1"},"uagb_comment_info":0,"uagb_excerpt":"Vilen K\u00fcnnapu n\u00e4ituse \u201cMaagiline Tallinn\u201d avamine on arhitektuuri- ja disainigaleriis reedel, 9. m\u00e4rtsil kell 17. Neljap\u00e4eval, 22. III algusega kell 18 on kohtumine kunstnikuga. N\u00e4itus on avatud 10. III \u2013 28. III 2018 ja n\u00e4itus kuulub Vabaduse galerii programmi. Arhitekt Vilen K\u00fcnnapu on viimastel aastatel pannud ennast j\u00e4rjest enam maksma ka maalikunstnikuna. Tema suurel \u00fclevaaten\u00e4itusel&hellip;","_links":{"self":[{"href":"https:\/\/galerii.eaa.ee\/vabaduse\/index.php?rest_route=\/wp\/v2\/posts\/2416","targetHints":{"allow":["GET"]}}],"collection":[{"href":"https:\/\/galerii.eaa.ee\/vabaduse\/index.php?rest_route=\/wp\/v2\/posts"}],"about":[{"href":"https:\/\/galerii.eaa.ee\/vabaduse\/index.php?rest_route=\/wp\/v2\/types\/post"}],"author":[{"embeddable":true,"href":"https:\/\/galerii.eaa.ee\/vabaduse\/index.php?rest_route=\/wp\/v2\/users\/1"}],"replies":[{"embeddable":true,"href":"https:\/\/galerii.eaa.ee\/vabaduse\/index.php?rest_route=%2Fwp%2Fv2%2Fcomments&post=2416"}],"version-history":[{"count":0,"href":"https:\/\/galerii.eaa.ee\/vabaduse\/index.php?rest_route=\/wp\/v2\/posts\/2416\/revisions"}],"wp:featuredmedia":[{"embeddable":true,"href":"https:\/\/galerii.eaa.ee\/vabaduse\/index.php?rest_route=\/wp\/v2\/media\/2869"}],"wp:attachment":[{"href":"https:\/\/galerii.eaa.ee\/vabaduse\/index.php?rest_route=%2Fwp%2Fv2%2Fmedia&parent=2416"}],"wp:term":[{"taxonomy":"category","embeddable":true,"href":"https:\/\/galerii.eaa.ee\/vabaduse\/index.php?rest_route=%2Fwp%2Fv2%2Fcategories&post=2416"},{"taxonomy":"post_tag","embeddable":true,"href":"https:\/\/galerii.eaa.ee\/vabaduse\/index.php?rest_route=%2Fwp%2Fv2%2Ftags&post=2416"}],"curies":[{"name":"wp","href":"https:\/\/api.w.org\/{rel}","templated":true}]}}