{"id":2418,"date":"2023-01-07T21:35:05","date_gmt":"2023-01-07T19:35:05","guid":{"rendered":"https:\/\/test.raplakunst.eu\/?p=2418"},"modified":"2023-01-07T21:35:05","modified_gmt":"2023-01-07T19:35:05","slug":"virge-joekalda","status":"publish","type":"post","link":"https:\/\/galerii.eaa.ee\/vabaduse\/?p=2418","title":{"rendered":"Virge J\u00f5ekalda. Aia\u00e4\u00e4rne<h3><span class='sec'>28.04-12.05.2018<\/span><\/h3>"},"content":{"rendered":"<p><strong>Olete v\u00e4ga oodatud Virge J\u00f5ekalda n\u00e4ituse \u201cAia\u00e4\u00e4rne\u201d avamisele reedel, 27. aprillil kell 17 disaini- ja arhitektuurigaleriis. N\u00e4itus kuulub Vabaduse galerii programmi ja on avatud kuni 12. V.<\/strong><\/p>\n<p>Virge J\u00f5ekalda on \u00fcks neid kunstnikke, kes j\u00e4tkab 1970ndatel meie kunsti tulnud naisgraafikute liini. V\u00f5i kui veel kaugemale vaadata, siis hoiakuid, mida esindas juba 1930ndate naisgraafikute koolkond. Ei 1930ndate ega ka 1970ndate naisgraafikud ei moodusta koolkonda selle kitsamas t\u00e4henduses, neist tuleb r\u00e4\u00e4kida ikka kui oman\u00e4olistest loojatest, \u00fchtsus ja selles m\u00f5ttes traditsiooni j\u00e4tkamine seisneb vaid \u00fcldisemates hoiakutes \u2013 pieteeditundelises suhtumises ainesesse ja eelk\u00f5ige v\u00e4ljendusvahendisse (graafikute puhul graafikatehnikatesse, nende v\u00f5imalusi tundes ja maksimaalselt \u00e4ra kasutades).<\/p>\n<p>Virge J\u00f5ekalda on k\u00e4inud selgelt oma teed. L\u00e4bi kogu loomingu on talle t\u00e4htis olnud tema enda v\u00e4ga isiklik suhe kujutatavasse, sellest t\u00e4hendusliku fragmendi eraldamine, selle t\u00f6\u00f6tlemine ja t\u00f5stmine kujundiks (nii m\u00f5nigi kord lausa m\u00e4rgiliseks kujundiks) ning selle kujundi kordamise abil millelegi veel \u00fcldisemale (kas siis emotsionaalses v\u00f5i ka eksistentsiaalses m\u00f5ttes) osutamine. Virge J\u00f5ekalda graafilised lehed on nii kujundi kui ka sisu poolest v\u00e4ga lihtsad, nende taga ei ole ei keerulisi teooriaid ega ka kr\u00fcptilisi t\u00e4hendusv\u00e4lju. Aga sellele vaatamata v\u00f5ib teda julgelt nimetada sensuaalseks ja isegi filosoofiliseks kunstnikuks. Viimast eelk\u00f5ige idamaises m\u00f5ttes, kus k\u00f5ige lihtsamas detailis peitub terve maailm, seda tuleb osata vaid avastada.<\/p>\n<p>Virge J\u00f5ekalda kunsti temaatika on ikka olnud seotud loodusega v\u00f5i t\u00e4psemalt inimese (eelk\u00f5ige tema enda) ja looduse suhtega. Et just selle suhte kaudu saada aru endast ja oma maailmast. Ka praeguse v\u00e4ljapaneku objekt on loodus. Seda nii suhtes kunstniku, tema tundemaailma, aga veel enam ajaga. \u201cAia\u00e4\u00e4rsel\u201d kujutatu kuulub vaid kevadesse \u2013 suvel, s\u00fcgisel v\u00f5i talvel n\u00e4eks J\u00f5ekalda aia\u00e4\u00e4r sootuks teistsugune v\u00e4lja. Asi ei ole pelgalt looduse vaatluses, selle dokumenteerimises, vaid kunstniku endaleidmises. Virge J\u00f5ekalda on kasutanud kolme motiivi, neid k\u00fcll \u00fches s\u00fcgavtr\u00fckitehnikas (kuivn\u00f5elas), aga v\u00e4ga erinevalt t\u00f6\u00f6deldes. Tema suured \u00f5ied (neid v\u00f5ib vaadata kirsi-, aga soovi korral \u00fcksk\u00f5ik milliste teiste \u00f5itena) toimivad seeriana, aga see ei ole kontseptuaalne jada, selles on k\u00f5rvalekaldumisi, juhuslikkust, isegi k\u00f5hklust ja kahtlust. See on emotsionaalne teekond, kuid mitte punktist A punkti B, vaid vaat et \u00fches hetkes tibatillukeste erinevuste tabamises ja nende s\u00e4ilitamises.<\/p>\n","protected":false},"excerpt":{"rendered":"<p>Olete v\u00e4ga oodatud Virge J\u00f5ekalda n\u00e4ituse \u201cAia\u00e4\u00e4rne\u201d avamisele reedel, 27. aprillil kell 17 disaini- ja arhitektuurigaleriis. N\u00e4itus kuulub Vabaduse galerii programmi ja on avatud kuni 12. V. Virge J\u00f5ekalda on \u00fcks neid kunstnikke, kes j\u00e4tkab 1970ndatel meie kunsti tulnud naisgraafikute liini. V\u00f5i kui veel kaugemale vaadata, siis hoiakuid, mida esindas juba 1930ndate naisgraafikute koolkond. Ei [&hellip;]<\/p>\n","protected":false},"author":1,"featured_media":2866,"comment_status":"closed","ping_status":"closed","sticky":false,"template":"","format":"standard","meta":{"_uag_custom_page_level_css":"","site-sidebar-layout":"default","site-content-layout":"default","ast-site-content-layout":"","site-content-style":"default","site-sidebar-style":"default","ast-global-header-display":"","ast-banner-title-visibility":"","ast-main-header-display":"","ast-hfb-above-header-display":"","ast-hfb-below-header-display":"","ast-hfb-mobile-header-display":"","site-post-title":"","ast-breadcrumbs-content":"","ast-featured-img":"","footer-sml-layout":"","theme-transparent-header-meta":"default","adv-header-id-meta":"","stick-header-meta":"","header-above-stick-meta":"","header-main-stick-meta":"","header-below-stick-meta":"","astra-migrate-meta-layouts":"default","ast-page-background-enabled":"default","ast-page-background-meta":{"desktop":{"background-color":"var(--ast-global-color-4)","background-image":"","background-repeat":"repeat","background-position":"center center","background-size":"auto","background-attachment":"scroll","background-type":"","background-media":"","overlay-type":"","overlay-color":"","overlay-opacity":"","overlay-gradient":""},"tablet":{"background-color":"","background-image":"","background-repeat":"repeat","background-position":"center center","background-size":"auto","background-attachment":"scroll","background-type":"","background-media":"","overlay-type":"","overlay-color":"","overlay-opacity":"","overlay-gradient":""},"mobile":{"background-color":"","background-image":"","background-repeat":"repeat","background-position":"center center","background-size":"auto","background-attachment":"scroll","background-type":"","background-media":"","overlay-type":"","overlay-color":"","overlay-opacity":"","overlay-gradient":""}},"ast-content-background-meta":{"desktop":{"background-color":"var(--ast-global-color-5)","background-image":"","background-repeat":"repeat","background-position":"center center","background-size":"auto","background-attachment":"scroll","background-type":"","background-media":"","overlay-type":"","overlay-color":"","overlay-opacity":"","overlay-gradient":""},"tablet":{"background-color":"var(--ast-global-color-5)","background-image":"","background-repeat":"repeat","background-position":"center center","background-size":"auto","background-attachment":"scroll","background-type":"","background-media":"","overlay-type":"","overlay-color":"","overlay-opacity":"","overlay-gradient":""},"mobile":{"background-color":"var(--ast-global-color-5)","background-image":"","background-repeat":"repeat","background-position":"center center","background-size":"auto","background-attachment":"scroll","background-type":"","background-media":"","overlay-type":"","overlay-color":"","overlay-opacity":"","overlay-gradient":""}},"footnotes":""},"categories":[22],"tags":[],"class_list":["post-2418","post","type-post","status-publish","format-standard","has-post-thumbnail","hentry","category-22"],"uagb_featured_image_src":{"full":["https:\/\/galerii.eaa.ee\/vabaduse\/wp-content\/uploads\/joekalda2.jpg",1468,909,false],"thumbnail":["https:\/\/galerii.eaa.ee\/vabaduse\/wp-content\/uploads\/joekalda2-150x150.jpg",150,150,true],"medium":["https:\/\/galerii.eaa.ee\/vabaduse\/wp-content\/uploads\/joekalda2-300x186.jpg",300,186,true],"medium_large":["https:\/\/galerii.eaa.ee\/vabaduse\/wp-content\/uploads\/joekalda2-768x476.jpg",768,476,true],"large":["https:\/\/galerii.eaa.ee\/vabaduse\/wp-content\/uploads\/joekalda2-1024x634.jpg",1024,634,true],"1536x1536":["https:\/\/galerii.eaa.ee\/vabaduse\/wp-content\/uploads\/joekalda2.jpg",1468,909,false],"2048x2048":["https:\/\/galerii.eaa.ee\/vabaduse\/wp-content\/uploads\/joekalda2.jpg",1468,909,false]},"uagb_author_info":{"display_name":"vabadusegalerii","author_link":"https:\/\/galerii.eaa.ee\/vabaduse\/?author=1"},"uagb_comment_info":0,"uagb_excerpt":"Olete v\u00e4ga oodatud Virge J\u00f5ekalda n\u00e4ituse \u201cAia\u00e4\u00e4rne\u201d avamisele reedel, 27. aprillil kell 17 disaini- ja arhitektuurigaleriis. N\u00e4itus kuulub Vabaduse galerii programmi ja on avatud kuni 12. V. Virge J\u00f5ekalda on \u00fcks neid kunstnikke, kes j\u00e4tkab 1970ndatel meie kunsti tulnud naisgraafikute liini. V\u00f5i kui veel kaugemale vaadata, siis hoiakuid, mida esindas juba 1930ndate naisgraafikute koolkond. Ei&hellip;","_links":{"self":[{"href":"https:\/\/galerii.eaa.ee\/vabaduse\/index.php?rest_route=\/wp\/v2\/posts\/2418","targetHints":{"allow":["GET"]}}],"collection":[{"href":"https:\/\/galerii.eaa.ee\/vabaduse\/index.php?rest_route=\/wp\/v2\/posts"}],"about":[{"href":"https:\/\/galerii.eaa.ee\/vabaduse\/index.php?rest_route=\/wp\/v2\/types\/post"}],"author":[{"embeddable":true,"href":"https:\/\/galerii.eaa.ee\/vabaduse\/index.php?rest_route=\/wp\/v2\/users\/1"}],"replies":[{"embeddable":true,"href":"https:\/\/galerii.eaa.ee\/vabaduse\/index.php?rest_route=%2Fwp%2Fv2%2Fcomments&post=2418"}],"version-history":[{"count":0,"href":"https:\/\/galerii.eaa.ee\/vabaduse\/index.php?rest_route=\/wp\/v2\/posts\/2418\/revisions"}],"wp:featuredmedia":[{"embeddable":true,"href":"https:\/\/galerii.eaa.ee\/vabaduse\/index.php?rest_route=\/wp\/v2\/media\/2866"}],"wp:attachment":[{"href":"https:\/\/galerii.eaa.ee\/vabaduse\/index.php?rest_route=%2Fwp%2Fv2%2Fmedia&parent=2418"}],"wp:term":[{"taxonomy":"category","embeddable":true,"href":"https:\/\/galerii.eaa.ee\/vabaduse\/index.php?rest_route=%2Fwp%2Fv2%2Fcategories&post=2418"},{"taxonomy":"post_tag","embeddable":true,"href":"https:\/\/galerii.eaa.ee\/vabaduse\/index.php?rest_route=%2Fwp%2Fv2%2Ftags&post=2418"}],"curies":[{"name":"wp","href":"https:\/\/api.w.org\/{rel}","templated":true}]}}