{"id":2435,"date":"2023-01-07T20:36:00","date_gmt":"2023-01-07T18:36:00","guid":{"rendered":"https:\/\/test.raplakunst.eu\/?p=2435"},"modified":"2023-01-07T20:36:00","modified_gmt":"2023-01-07T18:36:00","slug":"juri-arrak","status":"publish","type":"post","link":"https:\/\/galerii.eaa.ee\/vabaduse\/?p=2435","title":{"rendered":"J\u00fcri Arrak. Elukella sees<h3><span class='sec'>\u202813.10-1.11.2016<\/span><\/h3>"},"content":{"rendered":"<p><strong>J\u00fcri Arrak \u201cElukella sees\u201d Vabaduse galeriis. N\u00e4itus on avatud 14. X \u2013 1. XI 2016.<\/strong><\/p>\n<p><a href=\"http:\/\/galerii.eaa.ee\/vabaduse\/wp-content\/uploads\/arrak.jpg\"><img loading=\"lazy\" decoding=\"async\" class=\"alignright size-medium wp-image-3405\" src=\"http:\/\/galerii.eaa.ee\/vabaduse\/wp-content\/uploads\/arrak-300x219.jpg\" alt=\"\" width=\"300\" height=\"219\" srcset=\"https:\/\/galerii.eaa.ee\/vabaduse\/wp-content\/uploads\/arrak-300x219.jpg 300w, https:\/\/galerii.eaa.ee\/vabaduse\/wp-content\/uploads\/arrak-768x561.jpg 768w, https:\/\/galerii.eaa.ee\/vabaduse\/wp-content\/uploads\/arrak.jpg 996w\" sizes=\"auto, (max-width: 300px) 100vw, 300px\" \/><\/a>\u201eElukella sees\u201c on 24. oktoobril 80-aastaseks saava kunstniku teine juubeliv\u00e4ljapanek. Esimene avati teisip\u00e4eval, 11. oktoobril Vaalas. Vaala galerii n\u00e4itus \u201eV\u00f5rse\u201c on lahti k\u00fcll vaid n\u00e4dala ja ega mahtki pole teab mis suur \u2013 \u00f5limaal ja viisteist graafilist lehte \u2013, kuid sellele vaatamata on see s\u00fcndmus. Galerii pressitekstis seisab, et kunstniku valikus avaldub tema, \u201emeie nimekama omam\u00fc\u00fcdi looja peegeldus tema senisest elukaarest\u201c.<\/p>\n<p>Ka Vabaduse galerii v\u00e4ljapanekut, juba selle pealkirjale m\u00f5eldes, v\u00f5ib vaadata omamoodi tagasivaatena, elukaare peegeldusena. J\u00fcri Arraku viimase aja maalides on hakanud korduma kaitsva, hoidva naise motiiv.<\/p>\n<p>\u00dcrgnaise v\u00f5i ka \u00fcrgemana on see temal, omam\u00fc\u00fcdi loojal ikka ja j\u00e4lle esile kerkinud, viimase aja t\u00f6\u00f6desse on sellesse aga enam lisandunud isiklikku m\u00f5\u00f5det, tagasivaadet oma minevikku (\u201eHoidja\u201c, aga ka \u201eMeie kaitsja\u201c), mehe elu t\u00f5lgendamist l\u00e4hedaste naiste kaudu. Tagasivaatele osutab ka kunstniku sekkumine oma varasemasse loomingusse. V\u00e4rvilise pliiatsiga graafiliste lehtede t\u00e4iendamist v\u00f5ib vaadata maalikunstniku soovina k\u00f5ike, varem loodutki, n\u00e4ha ja n\u00e4idata v\u00e4rvide l\u00e4bi ning ka (varasemas) mustvalges maailmas leida v\u00e4rve (n\u00fcansse), aga ka tiraa\u017eina loodud kunsti v\u00e4\u00e4rtustamisena, sest kunstniku k\u00e4epuudutus on teinud just sellest lehest \u00fche ja ainsa, unikaalse t\u00f6\u00f6.<\/p>\n<p>J\u00fcri Arrak on ikka p\u00f6\u00f6ranud oma pilgu m\u00fctoloogilise maailma, m\u00fc\u00fctide kui meie kultuuri l\u00f5ppematu varasalve poole, kandnud seda lausa j\u00e4\u00e4rap\u00e4ise visadusega endaga kaasas. Kuid ei Vaalas ega veel v\u00e4hem Vabaduse galeriis esitatud narratiiv ei mahu kuidagi ainult tagasivaate, senise elukaare peegelduse, aga veel v\u00e4hem m\u00fc\u00fctidest nopitud manitsus-, \u00f5petuss\u00f5nade alla. Tema viimase aja maalides (\u201eMeie hunt\u201c v\u00f5i \u201eKaksikud\u201c v\u00f5i \u201eEnne puudutust\u201c, r\u00e4\u00e4kimata \u201eMood 2036.aastal\u201c) on eluj\u00f5udu, kohalolekut, soovi vaatajaga dialoogi astuda \u2013 talle s\u00fcgavalt otsa vaadata, aga teda ka \u00f5rritada. V\u00f5i v\u00e4hemalt ei ole kunstniku t\u00e4henduss\u00f5nad enam nii kr\u00fcptilised; koodi annab \u00fcsna h\u00f5lpsasti lahti muukida. Kunstnik ei esita oma vaatajale elukella, vaid ta on ise oma elukella sees.<\/p>\n<p>Vaala galeriis kaasnes n\u00e4itusega konverents, kus k\u00f5neldi J\u00fcri Arrakust ja omam\u00fc\u00fcdist.<br \/>\nVabaduse galeriis r\u00e4\u00e4gib J\u00fcri Arrak ise omam\u00fc\u00fcdist ja oma m\u00fc\u00fcdist. Kunstnikuga kohtumine on neljap\u00e4eval, 27. X kell 18.<\/p>\n","protected":false},"excerpt":{"rendered":"<p>J\u00fcri Arrak \u201cElukella sees\u201d Vabaduse galeriis. N\u00e4itus on avatud 14. X \u2013 1. XI 2016. \u201eElukella sees\u201c on 24. oktoobril 80-aastaseks saava kunstniku teine juubeliv\u00e4ljapanek. Esimene avati teisip\u00e4eval, 11. oktoobril Vaalas. Vaala galerii n\u00e4itus \u201eV\u00f5rse\u201c on lahti k\u00fcll vaid n\u00e4dala ja ega mahtki pole teab mis suur \u2013 \u00f5limaal ja viisteist graafilist lehte \u2013, kuid [&hellip;]<\/p>\n","protected":false},"author":1,"featured_media":3403,"comment_status":"closed","ping_status":"closed","sticky":false,"template":"","format":"standard","meta":{"_uag_custom_page_level_css":"","site-sidebar-layout":"default","site-content-layout":"default","ast-site-content-layout":"","site-content-style":"default","site-sidebar-style":"default","ast-global-header-display":"","ast-banner-title-visibility":"","ast-main-header-display":"","ast-hfb-above-header-display":"","ast-hfb-below-header-display":"","ast-hfb-mobile-header-display":"","site-post-title":"","ast-breadcrumbs-content":"","ast-featured-img":"","footer-sml-layout":"","theme-transparent-header-meta":"default","adv-header-id-meta":"","stick-header-meta":"","header-above-stick-meta":"","header-main-stick-meta":"","header-below-stick-meta":"","astra-migrate-meta-layouts":"default","ast-page-background-enabled":"default","ast-page-background-meta":{"desktop":{"background-color":"var(--ast-global-color-4)","background-image":"","background-repeat":"repeat","background-position":"center center","background-size":"auto","background-attachment":"scroll","background-type":"","background-media":"","overlay-type":"","overlay-color":"","overlay-opacity":"","overlay-gradient":""},"tablet":{"background-color":"","background-image":"","background-repeat":"repeat","background-position":"center center","background-size":"auto","background-attachment":"scroll","background-type":"","background-media":"","overlay-type":"","overlay-color":"","overlay-opacity":"","overlay-gradient":""},"mobile":{"background-color":"","background-image":"","background-repeat":"repeat","background-position":"center center","background-size":"auto","background-attachment":"scroll","background-type":"","background-media":"","overlay-type":"","overlay-color":"","overlay-opacity":"","overlay-gradient":""}},"ast-content-background-meta":{"desktop":{"background-color":"var(--ast-global-color-5)","background-image":"","background-repeat":"repeat","background-position":"center center","background-size":"auto","background-attachment":"scroll","background-type":"","background-media":"","overlay-type":"","overlay-color":"","overlay-opacity":"","overlay-gradient":""},"tablet":{"background-color":"var(--ast-global-color-5)","background-image":"","background-repeat":"repeat","background-position":"center center","background-size":"auto","background-attachment":"scroll","background-type":"","background-media":"","overlay-type":"","overlay-color":"","overlay-opacity":"","overlay-gradient":""},"mobile":{"background-color":"var(--ast-global-color-5)","background-image":"","background-repeat":"repeat","background-position":"center center","background-size":"auto","background-attachment":"scroll","background-type":"","background-media":"","overlay-type":"","overlay-color":"","overlay-opacity":"","overlay-gradient":""}},"footnotes":""},"categories":[18],"tags":[],"class_list":["post-2435","post","type-post","status-publish","format-standard","has-post-thumbnail","hentry","category-18"],"uagb_featured_image_src":{"full":["https:\/\/galerii.eaa.ee\/vabaduse\/wp-content\/uploads\/arrak2.jpg",996,418,false],"thumbnail":["https:\/\/galerii.eaa.ee\/vabaduse\/wp-content\/uploads\/arrak2-150x150.jpg",150,150,true],"medium":["https:\/\/galerii.eaa.ee\/vabaduse\/wp-content\/uploads\/arrak2-300x126.jpg",300,126,true],"medium_large":["https:\/\/galerii.eaa.ee\/vabaduse\/wp-content\/uploads\/arrak2-768x322.jpg",768,322,true],"large":["https:\/\/galerii.eaa.ee\/vabaduse\/wp-content\/uploads\/arrak2.jpg",996,418,false],"1536x1536":["https:\/\/galerii.eaa.ee\/vabaduse\/wp-content\/uploads\/arrak2.jpg",996,418,false],"2048x2048":["https:\/\/galerii.eaa.ee\/vabaduse\/wp-content\/uploads\/arrak2.jpg",996,418,false]},"uagb_author_info":{"display_name":"vabadusegalerii","author_link":"https:\/\/galerii.eaa.ee\/vabaduse\/?author=1"},"uagb_comment_info":0,"uagb_excerpt":"J\u00fcri Arrak \u201cElukella sees\u201d Vabaduse galeriis. N\u00e4itus on avatud 14. X \u2013 1. XI 2016. \u201eElukella sees\u201c on 24. oktoobril 80-aastaseks saava kunstniku teine juubeliv\u00e4ljapanek. Esimene avati teisip\u00e4eval, 11. oktoobril Vaalas. Vaala galerii n\u00e4itus \u201eV\u00f5rse\u201c on lahti k\u00fcll vaid n\u00e4dala ja ega mahtki pole teab mis suur \u2013 \u00f5limaal ja viisteist graafilist lehte \u2013, kuid&hellip;","_links":{"self":[{"href":"https:\/\/galerii.eaa.ee\/vabaduse\/index.php?rest_route=\/wp\/v2\/posts\/2435","targetHints":{"allow":["GET"]}}],"collection":[{"href":"https:\/\/galerii.eaa.ee\/vabaduse\/index.php?rest_route=\/wp\/v2\/posts"}],"about":[{"href":"https:\/\/galerii.eaa.ee\/vabaduse\/index.php?rest_route=\/wp\/v2\/types\/post"}],"author":[{"embeddable":true,"href":"https:\/\/galerii.eaa.ee\/vabaduse\/index.php?rest_route=\/wp\/v2\/users\/1"}],"replies":[{"embeddable":true,"href":"https:\/\/galerii.eaa.ee\/vabaduse\/index.php?rest_route=%2Fwp%2Fv2%2Fcomments&post=2435"}],"version-history":[{"count":0,"href":"https:\/\/galerii.eaa.ee\/vabaduse\/index.php?rest_route=\/wp\/v2\/posts\/2435\/revisions"}],"wp:featuredmedia":[{"embeddable":true,"href":"https:\/\/galerii.eaa.ee\/vabaduse\/index.php?rest_route=\/wp\/v2\/media\/3403"}],"wp:attachment":[{"href":"https:\/\/galerii.eaa.ee\/vabaduse\/index.php?rest_route=%2Fwp%2Fv2%2Fmedia&parent=2435"}],"wp:term":[{"taxonomy":"category","embeddable":true,"href":"https:\/\/galerii.eaa.ee\/vabaduse\/index.php?rest_route=%2Fwp%2Fv2%2Fcategories&post=2435"},{"taxonomy":"post_tag","embeddable":true,"href":"https:\/\/galerii.eaa.ee\/vabaduse\/index.php?rest_route=%2Fwp%2Fv2%2Ftags&post=2435"}],"curies":[{"name":"wp","href":"https:\/\/api.w.org\/{rel}","templated":true}]}}