{"id":2457,"date":"2023-01-06T17:58:21","date_gmt":"2023-01-06T15:58:21","guid":{"rendered":"https:\/\/test.raplakunst.eu\/?p=2457"},"modified":"2023-01-06T17:58:21","modified_gmt":"2023-01-06T15:58:21","slug":"rein-magar","status":"publish","type":"post","link":"https:\/\/galerii.eaa.ee\/vabaduse\/?p=2457","title":{"rendered":"Rein M\u00e4gar. Akvarellid<h3><span class='sec'>\u202820.12.2013-7.01.2014<\/span><\/h3>"},"content":{"rendered":"<p><strong>Rein M\u00e4gari akvarellin\u00e4itus Vabaduse galeriis avatakse neljap\u00e4eval, 19. 12 kell 17. N\u00e4itus on avatud 20. detsember 2013 &#8211; 7. jaanuar 2014.<\/strong><\/p>\n<p>Rein M\u00e4gar on 1998. aastast peale osalenud Eesti Akvarellistide \u00dchingu aktiivse liikmena k\u00f5igil vabariiklikel ja paljudel rahvusvahelistel n\u00e4itustel, korraldanud ka ise nii oma isiku- kui ka \u00fchingukaaslaste n\u00e4itusi. Vabaduse galerii v\u00e4ljapanek on seotud kunstniku 70. s\u00fcnnip\u00e4evaga.<\/p>\n<p>N\u00e4ituse puhuks on kunstnikul valminud seeria improvisatsioone Norra maastike teemal. Tagasivaatena on esitatud ka valik varasemaid akvarelle, nende hulgas selle aasta oktoobris Peterburis toimunud rahvusvahelise akvarelliv\u00f5istluse maastikumaali kategoorias I j\u00e4rgu diplomiga tunnustatud t\u00f6\u00f6 \u201eTalv Loobu j\u00f5el\u201d.<\/p>\n","protected":false},"excerpt":{"rendered":"<p>Rein M\u00e4gari akvarellin\u00e4itus Vabaduse galeriis avatakse neljap\u00e4eval, 19. 12 kell 17. N\u00e4itus on avatud 20. detsember 2013 &#8211; 7. jaanuar 2014. Rein M\u00e4gar on 1998. aastast peale osalenud Eesti Akvarellistide \u00dchingu aktiivse liikmena k\u00f5igil vabariiklikel ja paljudel rahvusvahelistel n\u00e4itustel, korraldanud ka ise nii oma isiku- kui ka \u00fchingukaaslaste n\u00e4itusi. Vabaduse galerii v\u00e4ljapanek on seotud kunstniku [&hellip;]<\/p>\n","protected":false},"author":1,"featured_media":3442,"comment_status":"closed","ping_status":"closed","sticky":false,"template":"","format":"standard","meta":{"_uag_custom_page_level_css":"","site-sidebar-layout":"default","site-content-layout":"default","ast-site-content-layout":"","site-content-style":"default","site-sidebar-style":"default","ast-global-header-display":"","ast-banner-title-visibility":"","ast-main-header-display":"","ast-hfb-above-header-display":"","ast-hfb-below-header-display":"","ast-hfb-mobile-header-display":"","site-post-title":"","ast-breadcrumbs-content":"","ast-featured-img":"","footer-sml-layout":"","theme-transparent-header-meta":"default","adv-header-id-meta":"","stick-header-meta":"","header-above-stick-meta":"","header-main-stick-meta":"","header-below-stick-meta":"","astra-migrate-meta-layouts":"default","ast-page-background-enabled":"default","ast-page-background-meta":{"desktop":{"background-color":"var(--ast-global-color-4)","background-image":"","background-repeat":"repeat","background-position":"center center","background-size":"auto","background-attachment":"scroll","background-type":"","background-media":"","overlay-type":"","overlay-color":"","overlay-opacity":"","overlay-gradient":""},"tablet":{"background-color":"","background-image":"","background-repeat":"repeat","background-position":"center center","background-size":"auto","background-attachment":"scroll","background-type":"","background-media":"","overlay-type":"","overlay-color":"","overlay-opacity":"","overlay-gradient":""},"mobile":{"background-color":"","background-image":"","background-repeat":"repeat","background-position":"center center","background-size":"auto","background-attachment":"scroll","background-type":"","background-media":"","overlay-type":"","overlay-color":"","overlay-opacity":"","overlay-gradient":""}},"ast-content-background-meta":{"desktop":{"background-color":"var(--ast-global-color-5)","background-image":"","background-repeat":"repeat","background-position":"center center","background-size":"auto","background-attachment":"scroll","background-type":"","background-media":"","overlay-type":"","overlay-color":"","overlay-opacity":"","overlay-gradient":""},"tablet":{"background-color":"var(--ast-global-color-5)","background-image":"","background-repeat":"repeat","background-position":"center center","background-size":"auto","background-attachment":"scroll","background-type":"","background-media":"","overlay-type":"","overlay-color":"","overlay-opacity":"","overlay-gradient":""},"mobile":{"background-color":"var(--ast-global-color-5)","background-image":"","background-repeat":"repeat","background-position":"center center","background-size":"auto","background-attachment":"scroll","background-type":"","background-media":"","overlay-type":"","overlay-color":"","overlay-opacity":"","overlay-gradient":""}},"footnotes":""},"categories":[12],"tags":[],"class_list":["post-2457","post","type-post","status-publish","format-standard","has-post-thumbnail","hentry","category-12"],"uagb_featured_image_src":{"full":["https:\/\/galerii.eaa.ee\/vabaduse\/wp-content\/uploads\/magar2013.jpg",800,589,false],"thumbnail":["https:\/\/galerii.eaa.ee\/vabaduse\/wp-content\/uploads\/magar2013-150x150.jpg",150,150,true],"medium":["https:\/\/galerii.eaa.ee\/vabaduse\/wp-content\/uploads\/magar2013-300x221.jpg",300,221,true],"medium_large":["https:\/\/galerii.eaa.ee\/vabaduse\/wp-content\/uploads\/magar2013-768x565.jpg",768,565,true],"large":["https:\/\/galerii.eaa.ee\/vabaduse\/wp-content\/uploads\/magar2013.jpg",800,589,false],"1536x1536":["https:\/\/galerii.eaa.ee\/vabaduse\/wp-content\/uploads\/magar2013.jpg",800,589,false],"2048x2048":["https:\/\/galerii.eaa.ee\/vabaduse\/wp-content\/uploads\/magar2013.jpg",800,589,false]},"uagb_author_info":{"display_name":"vabadusegalerii","author_link":"https:\/\/galerii.eaa.ee\/vabaduse\/?author=1"},"uagb_comment_info":0,"uagb_excerpt":"Rein M\u00e4gari akvarellin\u00e4itus Vabaduse galeriis avatakse neljap\u00e4eval, 19. 12 kell 17. N\u00e4itus on avatud 20. detsember 2013 &#8211; 7. jaanuar 2014. Rein M\u00e4gar on 1998. aastast peale osalenud Eesti Akvarellistide \u00dchingu aktiivse liikmena k\u00f5igil vabariiklikel ja paljudel rahvusvahelistel n\u00e4itustel, korraldanud ka ise nii oma isiku- kui ka \u00fchingukaaslaste n\u00e4itusi. Vabaduse galerii v\u00e4ljapanek on seotud kunstniku&hellip;","_links":{"self":[{"href":"https:\/\/galerii.eaa.ee\/vabaduse\/index.php?rest_route=\/wp\/v2\/posts\/2457","targetHints":{"allow":["GET"]}}],"collection":[{"href":"https:\/\/galerii.eaa.ee\/vabaduse\/index.php?rest_route=\/wp\/v2\/posts"}],"about":[{"href":"https:\/\/galerii.eaa.ee\/vabaduse\/index.php?rest_route=\/wp\/v2\/types\/post"}],"author":[{"embeddable":true,"href":"https:\/\/galerii.eaa.ee\/vabaduse\/index.php?rest_route=\/wp\/v2\/users\/1"}],"replies":[{"embeddable":true,"href":"https:\/\/galerii.eaa.ee\/vabaduse\/index.php?rest_route=%2Fwp%2Fv2%2Fcomments&post=2457"}],"version-history":[{"count":0,"href":"https:\/\/galerii.eaa.ee\/vabaduse\/index.php?rest_route=\/wp\/v2\/posts\/2457\/revisions"}],"wp:featuredmedia":[{"embeddable":true,"href":"https:\/\/galerii.eaa.ee\/vabaduse\/index.php?rest_route=\/wp\/v2\/media\/3442"}],"wp:attachment":[{"href":"https:\/\/galerii.eaa.ee\/vabaduse\/index.php?rest_route=%2Fwp%2Fv2%2Fmedia&parent=2457"}],"wp:term":[{"taxonomy":"category","embeddable":true,"href":"https:\/\/galerii.eaa.ee\/vabaduse\/index.php?rest_route=%2Fwp%2Fv2%2Fcategories&post=2457"},{"taxonomy":"post_tag","embeddable":true,"href":"https:\/\/galerii.eaa.ee\/vabaduse\/index.php?rest_route=%2Fwp%2Fv2%2Ftags&post=2457"}],"curies":[{"name":"wp","href":"https:\/\/api.w.org\/{rel}","templated":true}]}}