{"id":2483,"date":"2022-01-09T16:27:58","date_gmt":"2022-01-09T14:27:58","guid":{"rendered":"https:\/\/test.raplakunst.eu\/?p=2483"},"modified":"2022-01-09T16:27:58","modified_gmt":"2022-01-09T14:27:58","slug":"elna-kaasik-silmapiir","status":"publish","type":"post","link":"https:\/\/galerii.eaa.ee\/vabaduse\/?p=2483","title":{"rendered":"Elna Kaasik. Ajapiirid<h3><span class='sec'>6-25.06.2008<\/span><\/h3>"},"content":{"rendered":"<p><strong>Elna Kaasik. Ajapiirid<\/strong><br \/>\n<strong>Viru Vill \u2013 Kreenholmi manufaktuur.<\/strong><br \/>\n<strong>Vabaduse galerii 06.06. &#8211; 25.06. 2008<\/strong><\/p>\n<p><a href=\"http:\/\/galerii.eaa.ee\/vabaduse\/wp-content\/uploads\/ajapiirid-kreenholml.jpg\"><img loading=\"lazy\" decoding=\"async\" class=\"alignright size-medium wp-image-3330\" src=\"http:\/\/galerii.eaa.ee\/vabaduse\/wp-content\/uploads\/ajapiirid-kreenholml-300x193.jpg\" alt=\"\" width=\"300\" height=\"193\" srcset=\"https:\/\/galerii.eaa.ee\/vabaduse\/wp-content\/uploads\/ajapiirid-kreenholml-300x193.jpg 300w, https:\/\/galerii.eaa.ee\/vabaduse\/wp-content\/uploads\/ajapiirid-kreenholml-1024x658.jpg 1024w, https:\/\/galerii.eaa.ee\/vabaduse\/wp-content\/uploads\/ajapiirid-kreenholml-768x493.jpg 768w, https:\/\/galerii.eaa.ee\/vabaduse\/wp-content\/uploads\/ajapiirid-kreenholml.jpg 1200w\" sizes=\"auto, (max-width: 300px) 100vw, 300px\" \/><\/a>N\u00e4itusel vaatab eesti silmapaistvamaid tekstiilikunstnikke, Elna Kaasik tagasi kodumaise kangat\u00f6\u00f6stuse ajaloole. Veel aasta eest oli 1857 asutatud Kreenholmi Manufaktuur \u00fcks Euroopa suurimaid tekstiilit\u00f6\u00f6stusi. Siin elasid kunagi oma t\u00f6\u00f6liselu alaealised t\u00fcdrukud ja t\u00f6\u00f6lisnaised nagu Eduard Vilde v\u00f5i Emile Zola lugudest laenatud elustsenaariumes.<br \/>\nT\u00e4naseks on seiskunud Kreenholmi vabriku kangasteljed. Sajad oskust\u00f6\u00f6lised on kaotanud t\u00f6\u00f6. Kuhu on sammumas eesti tekstiilikunst kui kaovad kodumaised tekstiilivabrikud, mille toodang on kunstnikke seni varustanud? Kangast on eesti manufaktuurides kootud enam kui 150 aastat ent viimasel aastak\u00fcmnel on Eesti kaotanud Keilas, Sindis, P\u00e4rnus ja Narvas tegutsenud kangavabrikud, mis andsid t\u00f6\u00f6d sadadele oskust\u00f6\u00f6listele, samas oli see ka noorte tekstiilikunstnike praktikamaa.<\/p>\n<p><a href=\"http:\/\/galerii.eaa.ee\/vabaduse\/wp-content\/uploads\/kaasik.jpg\"><img loading=\"lazy\" decoding=\"async\" class=\"alignleft wp-image-2893 size-medium\" src=\"http:\/\/galerii.eaa.ee\/vabaduse\/wp-content\/uploads\/kaasik-300x124.jpg\" alt=\"\" width=\"300\" height=\"124\" srcset=\"https:\/\/galerii.eaa.ee\/vabaduse\/wp-content\/uploads\/kaasik-300x124.jpg 300w, https:\/\/galerii.eaa.ee\/vabaduse\/wp-content\/uploads\/kaasik-1024x422.jpg 1024w, https:\/\/galerii.eaa.ee\/vabaduse\/wp-content\/uploads\/kaasik-768x316.jpg 768w, https:\/\/galerii.eaa.ee\/vabaduse\/wp-content\/uploads\/kaasik.jpg 1200w\" sizes=\"auto, (max-width: 300px) 100vw, 300px\" \/><\/a>N\u00e4ituse digifotod on fikseerinud olukorra Kreenholmis hetkel, mil tootmisliinide seiskamiseni on j\u00e4\u00e4nud loetud p\u00e4evad. Ent n\u00e4itus ei k\u00e4sitle vaid Kreenholmi hetkeolukorda. Elna Kaasiku enda teostusfirma Viru Vill vajaks samuti t\u00f6\u00f6stuspoliitika abistavat k\u00e4tt. V\u00e4ikeses Eestis piirab disaintekstiilide teostamist tootmiskulude kiire kasv ja oskust\u00f6\u00f6liste puudus. Kunstnikufirmad on tunnetamas oleluspiiri survet t\u00e4na j\u00f5ulisemalt kui eales varem.<br \/>\nElna Kaasik seob n\u00e4itusega tervikuks fotoinstallatsiooni ja omaenda kujundatud tekstiilid, mille materjaliks Kreenholmi puuvill.<\/p>\n<p>Galerii parempoolses osas on fotodel Kreenholmi maailm. Elna Kaasiku unikaaltekstiilid on siin esitatud rahvuslipu v\u00e4rvides. Osa neist on kaunistanud Eesti presidendi vastuv\u00f5ttu Estonia Talveaias vabariigi 90. juubelil.<br \/>\nGalerii aknapoolses osas on fotodel Elna Kaasiku teostusfilma Viru Vill.<\/p>\n<p>Elna Kaasik on ligi paarik\u00fcmne aasta jooksul loonud silmapaistvaid ja s\u00fcgavalt isikup\u00e4raseid tekstiile, \u00fchendades traditsioonilised tehnikad v\u00e4ga kaasaegsete v\u00e4rvi- ja struktuurilahendustega. Tekstiilide pinnastruktuurid ja tonaalsused on elavad, kulmineerudes tagasihoidlikest maal\u00e4hedastest kirgaste punaste toonideni.<br \/>\nSel kevadel andis Eesti Tekstiilikunstnike Liit Elna Kaasiku pabervaipade sarjale \u201eKirjad\u201d tiitli Aasta Tekstiil 2007. Tema tekstiilid ilmestavad EV Riigikogu Kantseleid, Eesti saatkondi Jaapanis, Leedus, Itaalias ja Rootsis. Ta on p\u00e4lvinud l\u00e4hiaastail Aasta Tekstiilikunstniku tiitli, Kristjan Raua nimelise kunsti aastapreemia ja Edda Hakkeri preemia, ajakirja Aed ja Kodu preemia Aasta Kodu 2005. Elna Kaasiku tekstiile on kingitud EV presidendi kingitustena Taani kuningannale, Jaapani keisrinnale ja mitmete v\u00e4lisriikide presidentidele, ent need kaunistavad ka Kihnu Rahvamaja.<\/p>\n<p>N\u00e4ituse avap\u00e4eval kingib Elna Kaasik Eesti Rahva Muuseumile enda j\u00e4\u00e4vustatud vana Kreenholmi maailma digifotodel ja \u00fche valitud unikaaltekstiili k\u00e4esolevalt n\u00e4ituselt. Kingituse pidulik \u00fcleandmine toimub Eesti Rahva Muuseumi juubelip\u00e4eval.<\/p>\n<p>Galerii saalitekst<\/p>\n","protected":false},"excerpt":{"rendered":"<p>Elna Kaasik. Ajapiirid Viru Vill \u2013 Kreenholmi manufaktuur. Vabaduse galerii 06.06. &#8211; 25.06. 2008 N\u00e4itusel vaatab eesti silmapaistvamaid tekstiilikunstnikke, Elna Kaasik tagasi kodumaise kangat\u00f6\u00f6stuse ajaloole. Veel aasta eest oli 1857 asutatud Kreenholmi Manufaktuur \u00fcks Euroopa suurimaid tekstiilit\u00f6\u00f6stusi. Siin elasid kunagi oma t\u00f6\u00f6liselu alaealised t\u00fcdrukud ja t\u00f6\u00f6lisnaised nagu Eduard Vilde v\u00f5i Emile Zola lugudest laenatud elustsenaariumes. [&hellip;]<\/p>\n","protected":false},"author":1,"featured_media":3332,"comment_status":"closed","ping_status":"closed","sticky":false,"template":"","format":"standard","meta":{"_uag_custom_page_level_css":"","site-sidebar-layout":"default","site-content-layout":"default","ast-site-content-layout":"","site-content-style":"default","site-sidebar-style":"default","ast-global-header-display":"","ast-banner-title-visibility":"","ast-main-header-display":"","ast-hfb-above-header-display":"","ast-hfb-below-header-display":"","ast-hfb-mobile-header-display":"","site-post-title":"","ast-breadcrumbs-content":"","ast-featured-img":"","footer-sml-layout":"","theme-transparent-header-meta":"default","adv-header-id-meta":"","stick-header-meta":"","header-above-stick-meta":"","header-main-stick-meta":"","header-below-stick-meta":"","astra-migrate-meta-layouts":"default","ast-page-background-enabled":"default","ast-page-background-meta":{"desktop":{"background-color":"var(--ast-global-color-4)","background-image":"","background-repeat":"repeat","background-position":"center center","background-size":"auto","background-attachment":"scroll","background-type":"","background-media":"","overlay-type":"","overlay-color":"","overlay-opacity":"","overlay-gradient":""},"tablet":{"background-color":"","background-image":"","background-repeat":"repeat","background-position":"center center","background-size":"auto","background-attachment":"scroll","background-type":"","background-media":"","overlay-type":"","overlay-color":"","overlay-opacity":"","overlay-gradient":""},"mobile":{"background-color":"","background-image":"","background-repeat":"repeat","background-position":"center center","background-size":"auto","background-attachment":"scroll","background-type":"","background-media":"","overlay-type":"","overlay-color":"","overlay-opacity":"","overlay-gradient":""}},"ast-content-background-meta":{"desktop":{"background-color":"var(--ast-global-color-5)","background-image":"","background-repeat":"repeat","background-position":"center center","background-size":"auto","background-attachment":"scroll","background-type":"","background-media":"","overlay-type":"","overlay-color":"","overlay-opacity":"","overlay-gradient":""},"tablet":{"background-color":"var(--ast-global-color-5)","background-image":"","background-repeat":"repeat","background-position":"center center","background-size":"auto","background-attachment":"scroll","background-type":"","background-media":"","overlay-type":"","overlay-color":"","overlay-opacity":"","overlay-gradient":""},"mobile":{"background-color":"var(--ast-global-color-5)","background-image":"","background-repeat":"repeat","background-position":"center center","background-size":"auto","background-attachment":"scroll","background-type":"","background-media":"","overlay-type":"","overlay-color":"","overlay-opacity":"","overlay-gradient":""}},"footnotes":""},"categories":[2],"tags":[],"class_list":["post-2483","post","type-post","status-publish","format-standard","has-post-thumbnail","hentry","category-2"],"uagb_featured_image_src":{"full":["https:\/\/galerii.eaa.ee\/vabaduse\/wp-content\/uploads\/IMG_7056ajapiirid.jpg",1200,900,false],"thumbnail":["https:\/\/galerii.eaa.ee\/vabaduse\/wp-content\/uploads\/IMG_7056ajapiirid-150x150.jpg",150,150,true],"medium":["https:\/\/galerii.eaa.ee\/vabaduse\/wp-content\/uploads\/IMG_7056ajapiirid-300x225.jpg",300,225,true],"medium_large":["https:\/\/galerii.eaa.ee\/vabaduse\/wp-content\/uploads\/IMG_7056ajapiirid-768x576.jpg",768,576,true],"large":["https:\/\/galerii.eaa.ee\/vabaduse\/wp-content\/uploads\/IMG_7056ajapiirid-1024x768.jpg",1024,768,true],"1536x1536":["https:\/\/galerii.eaa.ee\/vabaduse\/wp-content\/uploads\/IMG_7056ajapiirid.jpg",1200,900,false],"2048x2048":["https:\/\/galerii.eaa.ee\/vabaduse\/wp-content\/uploads\/IMG_7056ajapiirid.jpg",1200,900,false]},"uagb_author_info":{"display_name":"vabadusegalerii","author_link":"https:\/\/galerii.eaa.ee\/vabaduse\/?author=1"},"uagb_comment_info":0,"uagb_excerpt":"Elna Kaasik. Ajapiirid Viru Vill \u2013 Kreenholmi manufaktuur. Vabaduse galerii 06.06. &#8211; 25.06. 2008 N\u00e4itusel vaatab eesti silmapaistvamaid tekstiilikunstnikke, Elna Kaasik tagasi kodumaise kangat\u00f6\u00f6stuse ajaloole. Veel aasta eest oli 1857 asutatud Kreenholmi Manufaktuur \u00fcks Euroopa suurimaid tekstiilit\u00f6\u00f6stusi. Siin elasid kunagi oma t\u00f6\u00f6liselu alaealised t\u00fcdrukud ja t\u00f6\u00f6lisnaised nagu Eduard Vilde v\u00f5i Emile Zola lugudest laenatud elustsenaariumes.&hellip;","_links":{"self":[{"href":"https:\/\/galerii.eaa.ee\/vabaduse\/index.php?rest_route=\/wp\/v2\/posts\/2483","targetHints":{"allow":["GET"]}}],"collection":[{"href":"https:\/\/galerii.eaa.ee\/vabaduse\/index.php?rest_route=\/wp\/v2\/posts"}],"about":[{"href":"https:\/\/galerii.eaa.ee\/vabaduse\/index.php?rest_route=\/wp\/v2\/types\/post"}],"author":[{"embeddable":true,"href":"https:\/\/galerii.eaa.ee\/vabaduse\/index.php?rest_route=\/wp\/v2\/users\/1"}],"replies":[{"embeddable":true,"href":"https:\/\/galerii.eaa.ee\/vabaduse\/index.php?rest_route=%2Fwp%2Fv2%2Fcomments&post=2483"}],"version-history":[{"count":0,"href":"https:\/\/galerii.eaa.ee\/vabaduse\/index.php?rest_route=\/wp\/v2\/posts\/2483\/revisions"}],"wp:featuredmedia":[{"embeddable":true,"href":"https:\/\/galerii.eaa.ee\/vabaduse\/index.php?rest_route=\/wp\/v2\/media\/3332"}],"wp:attachment":[{"href":"https:\/\/galerii.eaa.ee\/vabaduse\/index.php?rest_route=%2Fwp%2Fv2%2Fmedia&parent=2483"}],"wp:term":[{"taxonomy":"category","embeddable":true,"href":"https:\/\/galerii.eaa.ee\/vabaduse\/index.php?rest_route=%2Fwp%2Fv2%2Fcategories&post=2483"},{"taxonomy":"post_tag","embeddable":true,"href":"https:\/\/galerii.eaa.ee\/vabaduse\/index.php?rest_route=%2Fwp%2Fv2%2Ftags&post=2483"}],"curies":[{"name":"wp","href":"https:\/\/api.w.org\/{rel}","templated":true}]}}