{"id":2558,"date":"2022-01-09T16:49:50","date_gmt":"2022-01-09T14:49:50","guid":{"rendered":"https:\/\/test.raplakunst.eu\/?p=2558"},"modified":"2022-01-09T16:49:50","modified_gmt":"2022-01-09T14:49:50","slug":"eveli-varik","status":"publish","type":"post","link":"https:\/\/galerii.eaa.ee\/vabaduse\/?p=2558","title":{"rendered":"Eveli Varik. Kaduvad<h3><span class='sec'>22.07-11.08.2010<\/span><\/h3>"},"content":{"rendered":"\n<p>Kunstnik p\u00f6\u00f6rdub oma 40. s\u00fcnnip\u00e4eva eel perekonnam\u00e4lestuste poole. &#8220;Kaduvad&#8221; jutustab loo laudlinast, mis k\u00e4ib k\u00e4est k\u00e4tte &#8211; vanaemalt emale, emalt t\u00fctrele ja t\u00fctrelt t\u00fctret\u00fctrele. &#8220;Asjad elavad inimesi vahel \u00fcle. Paljud minu l\u00e4hedastest on selle laudlina taga pidulauas istunud. See lina on justkui side inimeste vahel. N\u00e4itusel seon selle linaga enda l\u00e4hedaste lood kokku. Lugusi on mitmeid. M\u00f5nedki lood r\u00e4\u00e4givad armastusest, elust, tegemistest, harjumustest ja kaduvikust,&#8221; selgitab kunstnik. Ent laudlina on vaid \u00fcks m\u00f5tteline telg &#8211; Eveli Variku digipiltidel ilmuvad koos t\u00e4naseks juba kadunud pereliikmetega Oru loss, Moe piiritusevabriku naised m\u00f5isapargis, s\u00f5jav\u00e4ljakirjad, kinnitused, et \u00fcksteisest hoolitakse ja m\u00f5eldakse l\u00e4hedaste peale.<\/p>\n\n\n\n<p>Juta Kivim\u00e4e<\/p>\n\n\n\n<figure class=\"wp-block-gallery has-nested-images columns-3 is-cropped wp-block-gallery-1 is-layout-flex wp-block-gallery-is-layout-flex\">\n<figure class=\"wp-block-image size-large\"><a href=\"http:\/\/galerii.eaa.ee\/vabaduse\/wp-content\/uploads\/Eveli-Varik.-Kaduvad.jpg\"><img loading=\"lazy\" decoding=\"async\" width=\"226\" height=\"151\" data-id=\"3036\" src=\"http:\/\/galerii.eaa.ee\/vabaduse\/wp-content\/uploads\/Eveli-Varik.-Kaduvad.jpg\" alt=\"\" class=\"wp-image-3036\"\/><\/a><\/figure>\n\n\n\n<figure class=\"wp-block-image size-medium\"><a href=\"http:\/\/galerii.eaa.ee\/vabaduse\/wp-content\/uploads\/E-Varik_Kaduvad_2010_Vabaduse.jpg\"><img loading=\"lazy\" decoding=\"async\" width=\"218\" height=\"300\" data-id=\"3246\" src=\"http:\/\/galerii.eaa.ee\/vabaduse\/wp-content\/uploads\/E-Varik_Kaduvad_2010_Vabaduse-218x300.jpg\" alt=\"\" class=\"wp-image-3246\" srcset=\"https:\/\/galerii.eaa.ee\/vabaduse\/wp-content\/uploads\/E-Varik_Kaduvad_2010_Vabaduse-218x300.jpg 218w, https:\/\/galerii.eaa.ee\/vabaduse\/wp-content\/uploads\/E-Varik_Kaduvad_2010_Vabaduse.jpg 425w\" sizes=\"auto, (max-width: 218px) 100vw, 218px\" \/><\/a><\/figure>\n\n\n\n<figure class=\"wp-block-image size-medium\"><a href=\"http:\/\/galerii.eaa.ee\/vabaduse\/wp-content\/uploads\/Eveli-Varik.-Kaduvad1.jpg\"><img loading=\"lazy\" decoding=\"async\" width=\"300\" height=\"200\" data-id=\"3037\" src=\"http:\/\/galerii.eaa.ee\/vabaduse\/wp-content\/uploads\/Eveli-Varik.-Kaduvad1-300x200.jpg\" alt=\"\" class=\"wp-image-3037\" srcset=\"https:\/\/galerii.eaa.ee\/vabaduse\/wp-content\/uploads\/Eveli-Varik.-Kaduvad1-300x200.jpg 300w, https:\/\/galerii.eaa.ee\/vabaduse\/wp-content\/uploads\/Eveli-Varik.-Kaduvad1-768x512.jpg 768w, https:\/\/galerii.eaa.ee\/vabaduse\/wp-content\/uploads\/Eveli-Varik.-Kaduvad1.jpg 886w\" sizes=\"auto, (max-width: 300px) 100vw, 300px\" \/><\/a><\/figure>\n<\/figure>\n","protected":false},"excerpt":{"rendered":"<p>Kunstnik p\u00f6\u00f6rdub oma 40. s\u00fcnnip\u00e4eva eel perekonnam\u00e4lestuste poole. &#8220;Kaduvad&#8221; jutustab loo laudlinast, mis k\u00e4ib k\u00e4est k\u00e4tte &#8211; vanaemalt emale, emalt t\u00fctrele ja t\u00fctrelt t\u00fctret\u00fctrele. &#8220;Asjad elavad inimesi vahel \u00fcle. Paljud minu l\u00e4hedastest on selle laudlina taga pidulauas istunud. See lina on justkui side inimeste vahel. N\u00e4itusel seon selle linaga enda l\u00e4hedaste lood kokku. Lugusi on [&hellip;]<\/p>\n","protected":false},"author":1,"featured_media":3037,"comment_status":"closed","ping_status":"closed","sticky":false,"template":"","format":"standard","meta":{"_uag_custom_page_level_css":"","site-sidebar-layout":"default","site-content-layout":"default","ast-site-content-layout":"","site-content-style":"default","site-sidebar-style":"default","ast-global-header-display":"","ast-banner-title-visibility":"","ast-main-header-display":"","ast-hfb-above-header-display":"","ast-hfb-below-header-display":"","ast-hfb-mobile-header-display":"","site-post-title":"","ast-breadcrumbs-content":"","ast-featured-img":"","footer-sml-layout":"","theme-transparent-header-meta":"default","adv-header-id-meta":"","stick-header-meta":"","header-above-stick-meta":"","header-main-stick-meta":"","header-below-stick-meta":"","astra-migrate-meta-layouts":"default","ast-page-background-enabled":"default","ast-page-background-meta":{"desktop":{"background-color":"var(--ast-global-color-4)","background-image":"","background-repeat":"repeat","background-position":"center center","background-size":"auto","background-attachment":"scroll","background-type":"","background-media":"","overlay-type":"","overlay-color":"","overlay-opacity":"","overlay-gradient":""},"tablet":{"background-color":"","background-image":"","background-repeat":"repeat","background-position":"center center","background-size":"auto","background-attachment":"scroll","background-type":"","background-media":"","overlay-type":"","overlay-color":"","overlay-opacity":"","overlay-gradient":""},"mobile":{"background-color":"","background-image":"","background-repeat":"repeat","background-position":"center center","background-size":"auto","background-attachment":"scroll","background-type":"","background-media":"","overlay-type":"","overlay-color":"","overlay-opacity":"","overlay-gradient":""}},"ast-content-background-meta":{"desktop":{"background-color":"var(--ast-global-color-5)","background-image":"","background-repeat":"repeat","background-position":"center center","background-size":"auto","background-attachment":"scroll","background-type":"","background-media":"","overlay-type":"","overlay-color":"","overlay-opacity":"","overlay-gradient":""},"tablet":{"background-color":"var(--ast-global-color-5)","background-image":"","background-repeat":"repeat","background-position":"center center","background-size":"auto","background-attachment":"scroll","background-type":"","background-media":"","overlay-type":"","overlay-color":"","overlay-opacity":"","overlay-gradient":""},"mobile":{"background-color":"var(--ast-global-color-5)","background-image":"","background-repeat":"repeat","background-position":"center center","background-size":"auto","background-attachment":"scroll","background-type":"","background-media":"","overlay-type":"","overlay-color":"","overlay-opacity":"","overlay-gradient":""}},"footnotes":""},"categories":[6],"tags":[],"class_list":["post-2558","post","type-post","status-publish","format-standard","has-post-thumbnail","hentry","category-6"],"uagb_featured_image_src":{"full":["https:\/\/galerii.eaa.ee\/vabaduse\/wp-content\/uploads\/Eveli-Varik.-Kaduvad1.jpg",886,591,false],"thumbnail":["https:\/\/galerii.eaa.ee\/vabaduse\/wp-content\/uploads\/Eveli-Varik.-Kaduvad1-150x150.jpg",150,150,true],"medium":["https:\/\/galerii.eaa.ee\/vabaduse\/wp-content\/uploads\/Eveli-Varik.-Kaduvad1-300x200.jpg",300,200,true],"medium_large":["https:\/\/galerii.eaa.ee\/vabaduse\/wp-content\/uploads\/Eveli-Varik.-Kaduvad1-768x512.jpg",768,512,true],"large":["https:\/\/galerii.eaa.ee\/vabaduse\/wp-content\/uploads\/Eveli-Varik.-Kaduvad1.jpg",886,591,false],"1536x1536":["https:\/\/galerii.eaa.ee\/vabaduse\/wp-content\/uploads\/Eveli-Varik.-Kaduvad1.jpg",886,591,false],"2048x2048":["https:\/\/galerii.eaa.ee\/vabaduse\/wp-content\/uploads\/Eveli-Varik.-Kaduvad1.jpg",886,591,false]},"uagb_author_info":{"display_name":"vabadusegalerii","author_link":"https:\/\/galerii.eaa.ee\/vabaduse\/?author=1"},"uagb_comment_info":0,"uagb_excerpt":"Kunstnik p\u00f6\u00f6rdub oma 40. s\u00fcnnip\u00e4eva eel perekonnam\u00e4lestuste poole. &#8220;Kaduvad&#8221; jutustab loo laudlinast, mis k\u00e4ib k\u00e4est k\u00e4tte &#8211; vanaemalt emale, emalt t\u00fctrele ja t\u00fctrelt t\u00fctret\u00fctrele. &#8220;Asjad elavad inimesi vahel \u00fcle. Paljud minu l\u00e4hedastest on selle laudlina taga pidulauas istunud. See lina on justkui side inimeste vahel. N\u00e4itusel seon selle linaga enda l\u00e4hedaste lood kokku. Lugusi on&hellip;","_links":{"self":[{"href":"https:\/\/galerii.eaa.ee\/vabaduse\/index.php?rest_route=\/wp\/v2\/posts\/2558","targetHints":{"allow":["GET"]}}],"collection":[{"href":"https:\/\/galerii.eaa.ee\/vabaduse\/index.php?rest_route=\/wp\/v2\/posts"}],"about":[{"href":"https:\/\/galerii.eaa.ee\/vabaduse\/index.php?rest_route=\/wp\/v2\/types\/post"}],"author":[{"embeddable":true,"href":"https:\/\/galerii.eaa.ee\/vabaduse\/index.php?rest_route=\/wp\/v2\/users\/1"}],"replies":[{"embeddable":true,"href":"https:\/\/galerii.eaa.ee\/vabaduse\/index.php?rest_route=%2Fwp%2Fv2%2Fcomments&post=2558"}],"version-history":[{"count":0,"href":"https:\/\/galerii.eaa.ee\/vabaduse\/index.php?rest_route=\/wp\/v2\/posts\/2558\/revisions"}],"wp:featuredmedia":[{"embeddable":true,"href":"https:\/\/galerii.eaa.ee\/vabaduse\/index.php?rest_route=\/wp\/v2\/media\/3037"}],"wp:attachment":[{"href":"https:\/\/galerii.eaa.ee\/vabaduse\/index.php?rest_route=%2Fwp%2Fv2%2Fmedia&parent=2558"}],"wp:term":[{"taxonomy":"category","embeddable":true,"href":"https:\/\/galerii.eaa.ee\/vabaduse\/index.php?rest_route=%2Fwp%2Fv2%2Fcategories&post=2558"},{"taxonomy":"post_tag","embeddable":true,"href":"https:\/\/galerii.eaa.ee\/vabaduse\/index.php?rest_route=%2Fwp%2Fv2%2Ftags&post=2558"}],"curies":[{"name":"wp","href":"https:\/\/api.w.org\/{rel}","templated":true}]}}