{"id":2605,"date":"2022-01-09T17:06:02","date_gmt":"2022-01-09T15:06:02","guid":{"rendered":"https:\/\/test.raplakunst.eu\/?p=2605"},"modified":"2022-01-09T17:06:02","modified_gmt":"2022-01-09T15:06:02","slug":"jaan-kloseiko","status":"publish","type":"post","link":"https:\/\/galerii.eaa.ee\/vabaduse\/?p=2605","title":{"rendered":"Jaan Kl\u00f5\u0161eiko. Vabaduse v\u00e4ljak<h3><span class='sec'>6-25.10.2011 <\/span><\/h3>"},"content":{"rendered":"<p><strong>\u201cVabaduse v\u00e4ljak\u201d, Jaan Kl\u00f5\u0161eiko isikun\u00e4itus Vabaduse Galeriis. Kunstnik Jaan Kl\u00f5\u0161eiko seni avaldamata fotodokumentalistika Vabaduse\/V\u00f5idu v\u00e4ljakust l\u00e4bi aastate.<\/strong><\/p>\n<p>Kuraator: Marge Monko<\/p>\n<p>Jaan Kl\u00f5\u0161eiko on eesti kultuuriringkondades h\u00e4sti tuntud kujundusgraafik, kes alates 1960. aastate keskpaigast on dokumenteerinud eesti kultuuri -ja kunstis\u00fcndmusi ning seltskonnaelu. Asjaolu, et Kl\u00f5\u0161eiko oli ja on siiani paljude kunstnike s\u00f5ber ja ka muidu vahetu suhtleja, on talle taganud sissep\u00e4\u00e4su kunstnike ateljeedesse ja kodudesse. Pildistaja ja pildistatava vaheline usaldus peegeldub nii tema portreedes kui ka reportaa\u017eides, mis on vahetud ja d\u00fcnaamilised ning erinevad oluliselt n\u00f5ukogude-aegsest ametlikust fotograafiast.<\/p>\n<p>N\u00e4itusel \u201eVabaduse v\u00e4ljak\u201c v\u00f5ib n\u00e4ha portreefotosid ja reportaa\u017ee s\u00fcndmustest, mida Kl\u00f5\u0161eiko on v\u00e4ljaku vahetus \u00fcmbruses j\u00e4\u00e4dvustanud aastatel 1965\u20132007. Pealkiri \u201eVabaduse v\u00e4ljak\u201c on s\u00fcmboolse t\u00e4hendusega. See markeerib lisaks kohanimele ka Kl\u00f5\u0161eiko fotodel olevate inimeste vaba vaimu ja unistusi, sest ka N\u00f5ukogude ajal, kui see koht kandis veel V\u00f5idu v\u00e4ljaku nime, olid just kultuuriinimesed need, kelle loomingu kaudu oli v\u00f5imalik aeg-ajalt kas v\u00f5i illusoorselt tunnetada vabadust.<\/p>\n<p>Jaan Kl\u00f5\u0161eiko (1939) elab ja t\u00f6\u00f6tab Tallinnas. Ta on saanud hariduse kujundusgraafikuna ENSV Riiklikus Kunstiinstituudis.<br \/>\nKl\u00f5\u0161eiko on olnud kirjastuste Eesti Raamat ja Valgus ning ajalehe Televisioon kunstiline toimetaja ja kirjastuse Kunst kauaaegne peakunstnik. Alates 1965. aastast on Jaan Kl\u00f5\u0161eiko pildistanud erinevaid kultuuriloolisi s\u00fcndmusi.<br \/>\nKl\u00f5\u0161eiko isikun\u00e4itustest v\u00f5iks v\u00e4lja tuua \u201eTallinn \u2013 Moskva \/ Moskva \u2013 Tallinn 1956\u20131985\u201c Tallinna Kunstihoones (1996), mida tunnustati Kristjan Raua-nimelise preemiaga. Samuti on olulised n\u00e4itused \u201eKoduigatsus\u201c Nokia Kaablitehases Helsingis (2005); \u201eKultuurikatapuldid\u201c Haapsalus (2008) ja \u201eIsevalitseja. Haiguste ravi\u201c Plate tornis Tallinnas (2010, korraldaja Vaal galerii).<br \/>\nDetsembrist 2009 detsembrini 2010 ilmus Vaal galerii kodulehel Jaan Kl\u00f5\u0161eiko autorirubriik \u201eRohkem kui on n\u00e4ha\u201c tema fotode ja tekstidega.<\/p>\n<p>Marge Monko (1976) elab ja t\u00f6\u00f6tab Tallinnas. Ta on \u00f5ppinud Eesti Kunstiakadeemias (MA fotograafias, 2008) ja Viini Rakenduskunstide \u00dclikoolis.<br \/>\nMonko peamised meediad on fotograafia ja video. Ta on uurinud ps\u00fchhoanal\u00fc\u00fcsi m\u00f5ju naise representatsioonile visuaalkultuuris ning tema viimased teosed tegelevad t\u00f6\u00f6turu segregatsiooni ja t\u00f6\u00f6poliitikas toimunud muutustega.<br \/>\nMonko on esinenud isikun\u00e4itustega Tallinnas, Helsingis ja Budapestis ning osalenud kuraatorin\u00e4itustel, sealhulgas ka Noorte kunstnike biennaalil Tallinnas 2007. aasta s\u00fcgisel (kuraatorid Rael Artel ja Anneli Porri).<br \/>\nMarge Monko on Eesti Kunstiakadeemia fotograafia osakonna \u00f5ppej\u00f5ud ja osaleb feministliku lugemisgrupi \u201cThe Elfriede Jelinek School of English Language\u201d t\u00f6\u00f6s.<\/p>\n<p><a href=\"http:\/\/www.margemonko.com\">www.margemonko.com<\/a><\/p>\n","protected":false},"excerpt":{"rendered":"<p>\u201cVabaduse v\u00e4ljak\u201d, Jaan Kl\u00f5\u0161eiko isikun\u00e4itus Vabaduse Galeriis. Kunstnik Jaan Kl\u00f5\u0161eiko seni avaldamata fotodokumentalistika Vabaduse\/V\u00f5idu v\u00e4ljakust l\u00e4bi aastate. Kuraator: Marge Monko Jaan Kl\u00f5\u0161eiko on eesti kultuuriringkondades h\u00e4sti tuntud kujundusgraafik, kes alates 1960. aastate keskpaigast on dokumenteerinud eesti kultuuri -ja kunstis\u00fcndmusi ning seltskonnaelu. Asjaolu, et Kl\u00f5\u0161eiko oli ja on siiani paljude kunstnike s\u00f5ber ja ka muidu vahetu [&hellip;]<\/p>\n","protected":false},"author":1,"featured_media":3468,"comment_status":"closed","ping_status":"closed","sticky":false,"template":"","format":"standard","meta":{"_uag_custom_page_level_css":"","site-sidebar-layout":"default","site-content-layout":"default","ast-site-content-layout":"","site-content-style":"default","site-sidebar-style":"default","ast-global-header-display":"","ast-banner-title-visibility":"","ast-main-header-display":"","ast-hfb-above-header-display":"","ast-hfb-below-header-display":"","ast-hfb-mobile-header-display":"","site-post-title":"","ast-breadcrumbs-content":"","ast-featured-img":"","footer-sml-layout":"","theme-transparent-header-meta":"default","adv-header-id-meta":"","stick-header-meta":"","header-above-stick-meta":"","header-main-stick-meta":"","header-below-stick-meta":"","astra-migrate-meta-layouts":"default","ast-page-background-enabled":"default","ast-page-background-meta":{"desktop":{"background-color":"var(--ast-global-color-4)","background-image":"","background-repeat":"repeat","background-position":"center center","background-size":"auto","background-attachment":"scroll","background-type":"","background-media":"","overlay-type":"","overlay-color":"","overlay-opacity":"","overlay-gradient":""},"tablet":{"background-color":"","background-image":"","background-repeat":"repeat","background-position":"center center","background-size":"auto","background-attachment":"scroll","background-type":"","background-media":"","overlay-type":"","overlay-color":"","overlay-opacity":"","overlay-gradient":""},"mobile":{"background-color":"","background-image":"","background-repeat":"repeat","background-position":"center center","background-size":"auto","background-attachment":"scroll","background-type":"","background-media":"","overlay-type":"","overlay-color":"","overlay-opacity":"","overlay-gradient":""}},"ast-content-background-meta":{"desktop":{"background-color":"var(--ast-global-color-5)","background-image":"","background-repeat":"repeat","background-position":"center center","background-size":"auto","background-attachment":"scroll","background-type":"","background-media":"","overlay-type":"","overlay-color":"","overlay-opacity":"","overlay-gradient":""},"tablet":{"background-color":"var(--ast-global-color-5)","background-image":"","background-repeat":"repeat","background-position":"center center","background-size":"auto","background-attachment":"scroll","background-type":"","background-media":"","overlay-type":"","overlay-color":"","overlay-opacity":"","overlay-gradient":""},"mobile":{"background-color":"var(--ast-global-color-5)","background-image":"","background-repeat":"repeat","background-position":"center center","background-size":"auto","background-attachment":"scroll","background-type":"","background-media":"","overlay-type":"","overlay-color":"","overlay-opacity":"","overlay-gradient":""}},"footnotes":""},"categories":[8],"tags":[],"class_list":["post-2605","post","type-post","status-publish","format-standard","has-post-thumbnail","hentry","category-8"],"uagb_featured_image_src":{"full":["https:\/\/galerii.eaa.ee\/vabaduse\/wp-content\/uploads\/Viiding_Kl6sheiko_1971_72dpi.jpg",709,370,false],"thumbnail":["https:\/\/galerii.eaa.ee\/vabaduse\/wp-content\/uploads\/Viiding_Kl6sheiko_1971_72dpi-150x150.jpg",150,150,true],"medium":["https:\/\/galerii.eaa.ee\/vabaduse\/wp-content\/uploads\/Viiding_Kl6sheiko_1971_72dpi-300x157.jpg",300,157,true],"medium_large":["https:\/\/galerii.eaa.ee\/vabaduse\/wp-content\/uploads\/Viiding_Kl6sheiko_1971_72dpi.jpg",709,370,false],"large":["https:\/\/galerii.eaa.ee\/vabaduse\/wp-content\/uploads\/Viiding_Kl6sheiko_1971_72dpi.jpg",709,370,false],"1536x1536":["https:\/\/galerii.eaa.ee\/vabaduse\/wp-content\/uploads\/Viiding_Kl6sheiko_1971_72dpi.jpg",709,370,false],"2048x2048":["https:\/\/galerii.eaa.ee\/vabaduse\/wp-content\/uploads\/Viiding_Kl6sheiko_1971_72dpi.jpg",709,370,false]},"uagb_author_info":{"display_name":"vabadusegalerii","author_link":"https:\/\/galerii.eaa.ee\/vabaduse\/?author=1"},"uagb_comment_info":0,"uagb_excerpt":"\u201cVabaduse v\u00e4ljak\u201d, Jaan Kl\u00f5\u0161eiko isikun\u00e4itus Vabaduse Galeriis. Kunstnik Jaan Kl\u00f5\u0161eiko seni avaldamata fotodokumentalistika Vabaduse\/V\u00f5idu v\u00e4ljakust l\u00e4bi aastate. Kuraator: Marge Monko Jaan Kl\u00f5\u0161eiko on eesti kultuuriringkondades h\u00e4sti tuntud kujundusgraafik, kes alates 1960. aastate keskpaigast on dokumenteerinud eesti kultuuri -ja kunstis\u00fcndmusi ning seltskonnaelu. Asjaolu, et Kl\u00f5\u0161eiko oli ja on siiani paljude kunstnike s\u00f5ber ja ka muidu vahetu&hellip;","_links":{"self":[{"href":"https:\/\/galerii.eaa.ee\/vabaduse\/index.php?rest_route=\/wp\/v2\/posts\/2605","targetHints":{"allow":["GET"]}}],"collection":[{"href":"https:\/\/galerii.eaa.ee\/vabaduse\/index.php?rest_route=\/wp\/v2\/posts"}],"about":[{"href":"https:\/\/galerii.eaa.ee\/vabaduse\/index.php?rest_route=\/wp\/v2\/types\/post"}],"author":[{"embeddable":true,"href":"https:\/\/galerii.eaa.ee\/vabaduse\/index.php?rest_route=\/wp\/v2\/users\/1"}],"replies":[{"embeddable":true,"href":"https:\/\/galerii.eaa.ee\/vabaduse\/index.php?rest_route=%2Fwp%2Fv2%2Fcomments&post=2605"}],"version-history":[{"count":0,"href":"https:\/\/galerii.eaa.ee\/vabaduse\/index.php?rest_route=\/wp\/v2\/posts\/2605\/revisions"}],"wp:featuredmedia":[{"embeddable":true,"href":"https:\/\/galerii.eaa.ee\/vabaduse\/index.php?rest_route=\/wp\/v2\/media\/3468"}],"wp:attachment":[{"href":"https:\/\/galerii.eaa.ee\/vabaduse\/index.php?rest_route=%2Fwp%2Fv2%2Fmedia&parent=2605"}],"wp:term":[{"taxonomy":"category","embeddable":true,"href":"https:\/\/galerii.eaa.ee\/vabaduse\/index.php?rest_route=%2Fwp%2Fv2%2Fcategories&post=2605"},{"taxonomy":"post_tag","embeddable":true,"href":"https:\/\/galerii.eaa.ee\/vabaduse\/index.php?rest_route=%2Fwp%2Fv2%2Ftags&post=2605"}],"curies":[{"name":"wp","href":"https:\/\/api.w.org\/{rel}","templated":true}]}}