{"id":2625,"date":"2022-01-09T17:10:32","date_gmt":"2022-01-09T15:10:32","guid":{"rendered":"https:\/\/test.raplakunst.eu\/?p=2625"},"modified":"2023-06-08T19:50:39","modified_gmt":"2023-06-08T16:50:39","slug":"enn-poldroos-3","status":"publish","type":"post","link":"https:\/\/galerii.eaa.ee\/vabaduse\/?p=2625","title":{"rendered":"Enn P\u00f5ldroos\u2028. Tahan v\u00e4lja<h3><span class='sec'>19.04-8.05.2012<\/span><\/h3>"},"content":{"rendered":"<p><strong>ENN P\u00d5LDROOSI\u00a0 ISIKUN\u00c4ITUS\u00a0 \u201eTAHAN V\u00c4LJA\u201c VABADUSE GALERIIS 19.04.2012 \u2013 08.05.2012. N\u00e4itus avatakse neljap\u00e4eval 19.04. kell 17.00\u00a0\u00a0<\/strong><\/p>\n<p>N\u00e4itus on j\u00e4rg Enn P\u00f5ldroosi s\u00fcmpaatsele n\u00e4itusele \u201eMina ja Freddy\u201d Tallinna Kunstihoone galeriis aastal 2010. Erakordselt andeka ja meisterliku maalijana on autor ka sel n\u00e4itusel lubanud endale nii eneseirooniat kui nauditavat m\u00e4ngu oma maalijaisiksuse ja enesekujundi \u00fcle. Ta on saatnud oma n\u00e4itusele s\u00f5numi vaataja orienteerimiseks:<\/p>\n<p>\u201c\u2026eelmise, 2010. aastal Tallinna Kunstihoone galeriis aset leidnud v\u00e4ljapaneku persooniks oli Freddy, kes elas kroonilises valudefitsiidis ja p\u00fc\u00fcdis leida m\u00fc\u00fctilist m\u00f5\u00f5tu oma argielu pisikomistustes ja kipitustes. Kuigi m\u00e4lestus Freddyst k\u00fclastab meid ka k\u00e4esoleval n\u00e4itusel, on aega m\u00f6\u00f6dunud ja temast on saanud Frederic. Ta on \u00fchte-teist kogenud ja \u00f5ppinud m\u00f5istma ka valu. Me ei tea, kas see on teda rikastanud v\u00f5i n\u00fcristanud. K\u00fcllap m\u00f5lemat. Ja ta tahab v\u00e4lja.\u201d<\/p>\n<p>Enn P\u00f5ldroos on olnud eesti kultuuris v\u00e4ga mitmek\u00fclgselt tegev juba alates 1950. aastate l\u00f5pust ja 1960. aastaist, mil ta uuendas eesti maalikunsti olemust. Ent ka j\u00e4rgnevad k\u00fcmnendid oleksid tema loominguta kujuteldamatud. Iseloomulikult on ta \u00fchendanud oma modernistlikus maalijakogemuses isikliku sotsiaalsega, leides alati v\u00f5imalusi isikup\u00e4raseks teemak\u00e4sitluseks ja j\u00e4\u00e4des oma valdkonnas eristumatult suureks kunstnikuks. Eesti kultuuriavalikkus tunneb Enn P\u00f5ldroosi ka andeka kirjanikuna. Ta on olnud tegev Eesti Vabariigi esimese parlamendi liikmena.<\/p>\n<p>Reet Varblane: \u201cEesti maalikunst ning Enn P\u00f5ldroos on kujunenud omamoodi peaaegu et s\u00fcnon\u00fc\u00fcmideks. P\u00f5ldroosi esitusviis, l\u00e4henemisnurk \u2013 olgu siinkohal nimetatud ainese filosoofiline avaldumistahe vaheldumisi purskuva maalimiskirega, iroonilisus vaheldumisi t\u00f5sise m\u00f5tisklusega, v\u00e4rvi klassikaline l\u00e4bipaistvus vaheldumisi kummaliste, lausa ebamugavate kontrastidega \u2013 on aga aja ning ootuste muutumisel j\u00e4\u00e4nud ilmselgelt \u00e4ra tuntavaks. N\u00e4itusel keskendub P\u00f5ldroos iseendale, kuid see pole mitte mingil juhul v\u00e4ljaspoole suunatud ekshibitsionism, pigem on see sisevaatlus, oma minikipitsuse \u00e4ratundmine, t\u00f5lgendamine, selle \u00fcle naermine ning sella v\u00e4ga t\u00f5siselt v\u00f5tmine. Just see, mida iga ennastpeegeldav (anal\u00fc\u00fcsiv) intellektuaal teatud vanuses peab tegema.\u201d<\/p>\n<p>N\u00e4itust saadavad Enn P\u00f5ldroosi viimased kirjandusteosed, mida on v\u00f5imalik kohapeal omandada.<\/p>\n<p>Juta Kivim\u00e4e<\/p>\n","protected":false},"excerpt":{"rendered":"<p>ENN P\u00d5LDROOSI\u00a0 ISIKUN\u00c4ITUS\u00a0 \u201eTAHAN V\u00c4LJA\u201c VABADUSE GALERIIS 19.04.2012 \u2013 08.05.2012. N\u00e4itus avatakse neljap\u00e4eval 19.04. kell 17.00\u00a0\u00a0 N\u00e4itus on j\u00e4rg Enn P\u00f5ldroosi s\u00fcmpaatsele n\u00e4itusele \u201eMina ja Freddy\u201d Tallinna Kunstihoone galeriis aastal 2010. Erakordselt andeka ja meisterliku maalijana on autor ka sel n\u00e4itusel lubanud endale nii eneseirooniat kui nauditavat m\u00e4ngu oma maalijaisiksuse ja enesekujundi \u00fcle. Ta on [&hellip;]<\/p>\n","protected":false},"author":1,"featured_media":3912,"comment_status":"closed","ping_status":"closed","sticky":false,"template":"","format":"standard","meta":{"_uag_custom_page_level_css":"","site-sidebar-layout":"default","site-content-layout":"default","ast-site-content-layout":"","site-content-style":"default","site-sidebar-style":"default","ast-global-header-display":"","ast-banner-title-visibility":"","ast-main-header-display":"","ast-hfb-above-header-display":"","ast-hfb-below-header-display":"","ast-hfb-mobile-header-display":"","site-post-title":"","ast-breadcrumbs-content":"","ast-featured-img":"","footer-sml-layout":"","theme-transparent-header-meta":"default","adv-header-id-meta":"","stick-header-meta":"","header-above-stick-meta":"","header-main-stick-meta":"","header-below-stick-meta":"","astra-migrate-meta-layouts":"default","ast-page-background-enabled":"default","ast-page-background-meta":{"desktop":{"background-color":"var(--ast-global-color-4)","background-image":"","background-repeat":"repeat","background-position":"center center","background-size":"auto","background-attachment":"scroll","background-type":"","background-media":"","overlay-type":"","overlay-color":"","overlay-opacity":"","overlay-gradient":""},"tablet":{"background-color":"","background-image":"","background-repeat":"repeat","background-position":"center center","background-size":"auto","background-attachment":"scroll","background-type":"","background-media":"","overlay-type":"","overlay-color":"","overlay-opacity":"","overlay-gradient":""},"mobile":{"background-color":"","background-image":"","background-repeat":"repeat","background-position":"center center","background-size":"auto","background-attachment":"scroll","background-type":"","background-media":"","overlay-type":"","overlay-color":"","overlay-opacity":"","overlay-gradient":""}},"ast-content-background-meta":{"desktop":{"background-color":"var(--ast-global-color-5)","background-image":"","background-repeat":"repeat","background-position":"center center","background-size":"auto","background-attachment":"scroll","background-type":"","background-media":"","overlay-type":"","overlay-color":"","overlay-opacity":"","overlay-gradient":""},"tablet":{"background-color":"var(--ast-global-color-5)","background-image":"","background-repeat":"repeat","background-position":"center center","background-size":"auto","background-attachment":"scroll","background-type":"","background-media":"","overlay-type":"","overlay-color":"","overlay-opacity":"","overlay-gradient":""},"mobile":{"background-color":"var(--ast-global-color-5)","background-image":"","background-repeat":"repeat","background-position":"center center","background-size":"auto","background-attachment":"scroll","background-type":"","background-media":"","overlay-type":"","overlay-color":"","overlay-opacity":"","overlay-gradient":""}},"footnotes":""},"categories":[10],"tags":[],"class_list":["post-2625","post","type-post","status-publish","format-standard","has-post-thumbnail","hentry","category-10"],"uagb_featured_image_src":{"full":["https:\/\/galerii.eaa.ee\/vabaduse\/wp-content\/uploads\/hall.jpg",1200,797,false],"thumbnail":["https:\/\/galerii.eaa.ee\/vabaduse\/wp-content\/uploads\/hall-150x150.jpg",150,150,true],"medium":["https:\/\/galerii.eaa.ee\/vabaduse\/wp-content\/uploads\/hall-300x199.jpg",300,199,true],"medium_large":["https:\/\/galerii.eaa.ee\/vabaduse\/wp-content\/uploads\/hall-768x510.jpg",768,510,true],"large":["https:\/\/galerii.eaa.ee\/vabaduse\/wp-content\/uploads\/hall-1024x680.jpg",1024,680,true],"1536x1536":["https:\/\/galerii.eaa.ee\/vabaduse\/wp-content\/uploads\/hall.jpg",1200,797,false],"2048x2048":["https:\/\/galerii.eaa.ee\/vabaduse\/wp-content\/uploads\/hall.jpg",1200,797,false]},"uagb_author_info":{"display_name":"vabadusegalerii","author_link":"https:\/\/galerii.eaa.ee\/vabaduse\/?author=1"},"uagb_comment_info":0,"uagb_excerpt":"ENN P\u00d5LDROOSI\u00a0 ISIKUN\u00c4ITUS\u00a0 \u201eTAHAN V\u00c4LJA\u201c VABADUSE GALERIIS 19.04.2012 \u2013 08.05.2012. N\u00e4itus avatakse neljap\u00e4eval 19.04. kell 17.00\u00a0\u00a0 N\u00e4itus on j\u00e4rg Enn P\u00f5ldroosi s\u00fcmpaatsele n\u00e4itusele \u201eMina ja Freddy\u201d Tallinna Kunstihoone galeriis aastal 2010. Erakordselt andeka ja meisterliku maalijana on autor ka sel n\u00e4itusel lubanud endale nii eneseirooniat kui nauditavat m\u00e4ngu oma maalijaisiksuse ja enesekujundi \u00fcle. Ta on&hellip;","_links":{"self":[{"href":"https:\/\/galerii.eaa.ee\/vabaduse\/index.php?rest_route=\/wp\/v2\/posts\/2625","targetHints":{"allow":["GET"]}}],"collection":[{"href":"https:\/\/galerii.eaa.ee\/vabaduse\/index.php?rest_route=\/wp\/v2\/posts"}],"about":[{"href":"https:\/\/galerii.eaa.ee\/vabaduse\/index.php?rest_route=\/wp\/v2\/types\/post"}],"author":[{"embeddable":true,"href":"https:\/\/galerii.eaa.ee\/vabaduse\/index.php?rest_route=\/wp\/v2\/users\/1"}],"replies":[{"embeddable":true,"href":"https:\/\/galerii.eaa.ee\/vabaduse\/index.php?rest_route=%2Fwp%2Fv2%2Fcomments&post=2625"}],"version-history":[{"count":1,"href":"https:\/\/galerii.eaa.ee\/vabaduse\/index.php?rest_route=\/wp\/v2\/posts\/2625\/revisions"}],"predecessor-version":[{"id":4691,"href":"https:\/\/galerii.eaa.ee\/vabaduse\/index.php?rest_route=\/wp\/v2\/posts\/2625\/revisions\/4691"}],"wp:featuredmedia":[{"embeddable":true,"href":"https:\/\/galerii.eaa.ee\/vabaduse\/index.php?rest_route=\/wp\/v2\/media\/3912"}],"wp:attachment":[{"href":"https:\/\/galerii.eaa.ee\/vabaduse\/index.php?rest_route=%2Fwp%2Fv2%2Fmedia&parent=2625"}],"wp:term":[{"taxonomy":"category","embeddable":true,"href":"https:\/\/galerii.eaa.ee\/vabaduse\/index.php?rest_route=%2Fwp%2Fv2%2Fcategories&post=2625"},{"taxonomy":"post_tag","embeddable":true,"href":"https:\/\/galerii.eaa.ee\/vabaduse\/index.php?rest_route=%2Fwp%2Fv2%2Ftags&post=2625"}],"curies":[{"name":"wp","href":"https:\/\/api.w.org\/{rel}","templated":true}]}}