{"id":2627,"date":"2022-01-09T17:10:57","date_gmt":"2022-01-09T15:10:57","guid":{"rendered":"https:\/\/test.raplakunst.eu\/?p=2627"},"modified":"2022-01-09T17:10:57","modified_gmt":"2022-01-09T15:10:57","slug":"einar-vene","status":"publish","type":"post","link":"https:\/\/galerii.eaa.ee\/vabaduse\/?p=2627","title":{"rendered":"Einar Vene\u2028. R\u00e4nnakud ajas ja ruumis<h3><span class='sec'>10-29.05.2012<\/span><\/h3>"},"content":{"rendered":"<p><strong>Neljap\u00e4eval 10. mail kell 17.00 avatakse EKL Vabaduse galeriis Einar Vene maalin\u00e4itus \u201eR\u00e4nnakud ajas ja ruumis\u201d. N\u00e4itus j\u00e4\u00e4b avatuks 29. maini.<\/strong><\/p>\n<p>Einar Vene t\u00e4histab n\u00e4itusega 60. juubelit. Tema aastate v\u00e4ltel arenenud s\u00fcmbolistlik maalilaad on eesti kunstis ainukordne ja koheselt \u00e4ratuntav. Maalid k\u00f6idavad pilku ja tekitavad soovi kaasa m\u00e4ngida nii oma filosoofiliste allusioonide, muinasjutulise reaalsuse kui quattrecento p\u00e4randit meenutavate elegantsete detailidega. Vene on r\u00e4nnanud t\u00f5epoolest nii ajas kui ruumis ja toonud neilt r\u00e4nnakuilt kaasa tsitaate erinevate ajastute maalikunstist. Ta liigub unen\u00e4oliselt ja kergelt oma kummalisi lugusid jutustades, olles samas nii lapselikult naiivne kui t\u00f5simeelselt sisendusj\u00f5uline. Just nagu \u00e4ratuntavad tegelased muutuvad Vene maalide paradoksides taas tundmatuks ja v\u00f5\u00f5raks, tundmatu aga omal kummalisel moel \u00e4ratuntavaks. Varasemate n\u00e4itustega v\u00f5rreldes on t\u00e4henduslikke elemente maalipindadel v\u00e4hem ent maalija r\u00e4ndude haare on laienenud teemavaldkondadesse, mis tunduvad tema loomingus uudsed. Nagu alati on sellelgi n\u00e4itusel raske eraldada t\u00f5simeelset iroonilisest kalambuurist.<\/p>\n<p>Einar Vene on selgitanud oma r\u00e4nnuprintsiipe ning andnud ajas reisijaile m\u00f5ningast n\u00f5u:<br \/>\nN\u00e4itusele on valitud pildid, mis nii v\u00f5i teisiti on inspireeritud r\u00e4nnakutest. Reisimine on andnud kogemuse, et \u00fcksk\u00f5ik kui kaugele, ei tea mida otsima l\u00e4hed, vastuse saad ikka ainult iseenda kohta. V\u00f5ib reisida ka paigalt liikumatta. Lihtsalt aja surnuksl\u00f6\u00f6mise v\u00f5ib v\u00f5rdsustada pikima reisiga. Sama on ka maalidega, ehk teisis\u00f5nu mediteerides ajas \u201emaalimisvahenditega\u201c, on v\u00f5imalik tajuda aega ja ajalugu hoopis teisiti, kui see on kirjas ajalooraamatutes. Maalile ei pruugi selliselt reisilt palju j\u00f5uda, ometi tundub selline kogemus hirmutavalt reaalne\u2026<\/p>\n<p>M\u00f5ned t\u00e4helepanekud ajas reisidelt:<br \/>\nei ole hea liiga palju teada, k\u00f5ike teada on lausa ohtlik, sest teadmine suurendab kannatust.<br \/>\nTuleks hoiduda lagedatel kohtadel ajaaukudesse sattumast, sest k\u00f5ik kirkad valgused ei ole kohale j\u00f5udes enam nii kirkad.<br \/>\nEi tohiks unusta ennast vaatama s\u00fcnniv\u00e4ravate taga tunglevaid paremat riiki, \u2013 seisust, ja \u2013 s\u00fcndi taotlevaid hingi\u2026, sest nad v\u00f5ivad su endasse imeda.<br \/>\n\u00c4ra kasuta Tesla v\u00f5i ST ajamasinaid, nendega on raske tagasi p\u00f6\u00f6rduda.<br \/>\n\u00c4ra mine vasakule, ega p\u00f6\u00f6ra paremale, mine otse, et j\u00f5uda tagasi vanemate verega niisutatud maale, millele suud anda, et m\u00f5ista\u2026<\/p>\n<p>Juta Kivim\u00e4e<\/p>\n","protected":false},"excerpt":{"rendered":"<p>Neljap\u00e4eval 10. mail kell 17.00 avatakse EKL Vabaduse galeriis Einar Vene maalin\u00e4itus \u201eR\u00e4nnakud ajas ja ruumis\u201d. N\u00e4itus j\u00e4\u00e4b avatuks 29. maini. Einar Vene t\u00e4histab n\u00e4itusega 60. juubelit. Tema aastate v\u00e4ltel arenenud s\u00fcmbolistlik maalilaad on eesti kunstis ainukordne ja koheselt \u00e4ratuntav. Maalid k\u00f6idavad pilku ja tekitavad soovi kaasa m\u00e4ngida nii oma filosoofiliste allusioonide, muinasjutulise reaalsuse kui [&hellip;]<\/p>\n","protected":false},"author":1,"featured_media":3188,"comment_status":"closed","ping_status":"closed","sticky":false,"template":"","format":"standard","meta":{"_uag_custom_page_level_css":"","site-sidebar-layout":"default","site-content-layout":"default","ast-site-content-layout":"","site-content-style":"default","site-sidebar-style":"default","ast-global-header-display":"","ast-banner-title-visibility":"","ast-main-header-display":"","ast-hfb-above-header-display":"","ast-hfb-below-header-display":"","ast-hfb-mobile-header-display":"","site-post-title":"","ast-breadcrumbs-content":"","ast-featured-img":"","footer-sml-layout":"","theme-transparent-header-meta":"default","adv-header-id-meta":"","stick-header-meta":"","header-above-stick-meta":"","header-main-stick-meta":"","header-below-stick-meta":"","astra-migrate-meta-layouts":"default","ast-page-background-enabled":"default","ast-page-background-meta":{"desktop":{"background-color":"var(--ast-global-color-4)","background-image":"","background-repeat":"repeat","background-position":"center center","background-size":"auto","background-attachment":"scroll","background-type":"","background-media":"","overlay-type":"","overlay-color":"","overlay-opacity":"","overlay-gradient":""},"tablet":{"background-color":"","background-image":"","background-repeat":"repeat","background-position":"center center","background-size":"auto","background-attachment":"scroll","background-type":"","background-media":"","overlay-type":"","overlay-color":"","overlay-opacity":"","overlay-gradient":""},"mobile":{"background-color":"","background-image":"","background-repeat":"repeat","background-position":"center center","background-size":"auto","background-attachment":"scroll","background-type":"","background-media":"","overlay-type":"","overlay-color":"","overlay-opacity":"","overlay-gradient":""}},"ast-content-background-meta":{"desktop":{"background-color":"var(--ast-global-color-5)","background-image":"","background-repeat":"repeat","background-position":"center center","background-size":"auto","background-attachment":"scroll","background-type":"","background-media":"","overlay-type":"","overlay-color":"","overlay-opacity":"","overlay-gradient":""},"tablet":{"background-color":"var(--ast-global-color-5)","background-image":"","background-repeat":"repeat","background-position":"center center","background-size":"auto","background-attachment":"scroll","background-type":"","background-media":"","overlay-type":"","overlay-color":"","overlay-opacity":"","overlay-gradient":""},"mobile":{"background-color":"var(--ast-global-color-5)","background-image":"","background-repeat":"repeat","background-position":"center center","background-size":"auto","background-attachment":"scroll","background-type":"","background-media":"","overlay-type":"","overlay-color":"","overlay-opacity":"","overlay-gradient":""}},"footnotes":""},"categories":[10],"tags":[],"class_list":["post-2627","post","type-post","status-publish","format-standard","has-post-thumbnail","hentry","category-10"],"uagb_featured_image_src":{"full":["https:\/\/galerii.eaa.ee\/vabaduse\/wp-content\/uploads\/Vene_Monstrants-2009.jpg",1200,958,false],"thumbnail":["https:\/\/galerii.eaa.ee\/vabaduse\/wp-content\/uploads\/Vene_Monstrants-2009-150x150.jpg",150,150,true],"medium":["https:\/\/galerii.eaa.ee\/vabaduse\/wp-content\/uploads\/Vene_Monstrants-2009-300x240.jpg",300,240,true],"medium_large":["https:\/\/galerii.eaa.ee\/vabaduse\/wp-content\/uploads\/Vene_Monstrants-2009-768x613.jpg",768,613,true],"large":["https:\/\/galerii.eaa.ee\/vabaduse\/wp-content\/uploads\/Vene_Monstrants-2009-1024x817.jpg",1024,817,true],"1536x1536":["https:\/\/galerii.eaa.ee\/vabaduse\/wp-content\/uploads\/Vene_Monstrants-2009.jpg",1200,958,false],"2048x2048":["https:\/\/galerii.eaa.ee\/vabaduse\/wp-content\/uploads\/Vene_Monstrants-2009.jpg",1200,958,false]},"uagb_author_info":{"display_name":"vabadusegalerii","author_link":"https:\/\/galerii.eaa.ee\/vabaduse\/?author=1"},"uagb_comment_info":0,"uagb_excerpt":"Neljap\u00e4eval 10. mail kell 17.00 avatakse EKL Vabaduse galeriis Einar Vene maalin\u00e4itus \u201eR\u00e4nnakud ajas ja ruumis\u201d. N\u00e4itus j\u00e4\u00e4b avatuks 29. maini. Einar Vene t\u00e4histab n\u00e4itusega 60. juubelit. Tema aastate v\u00e4ltel arenenud s\u00fcmbolistlik maalilaad on eesti kunstis ainukordne ja koheselt \u00e4ratuntav. Maalid k\u00f6idavad pilku ja tekitavad soovi kaasa m\u00e4ngida nii oma filosoofiliste allusioonide, muinasjutulise reaalsuse kui&hellip;","_links":{"self":[{"href":"https:\/\/galerii.eaa.ee\/vabaduse\/index.php?rest_route=\/wp\/v2\/posts\/2627","targetHints":{"allow":["GET"]}}],"collection":[{"href":"https:\/\/galerii.eaa.ee\/vabaduse\/index.php?rest_route=\/wp\/v2\/posts"}],"about":[{"href":"https:\/\/galerii.eaa.ee\/vabaduse\/index.php?rest_route=\/wp\/v2\/types\/post"}],"author":[{"embeddable":true,"href":"https:\/\/galerii.eaa.ee\/vabaduse\/index.php?rest_route=\/wp\/v2\/users\/1"}],"replies":[{"embeddable":true,"href":"https:\/\/galerii.eaa.ee\/vabaduse\/index.php?rest_route=%2Fwp%2Fv2%2Fcomments&post=2627"}],"version-history":[{"count":0,"href":"https:\/\/galerii.eaa.ee\/vabaduse\/index.php?rest_route=\/wp\/v2\/posts\/2627\/revisions"}],"wp:featuredmedia":[{"embeddable":true,"href":"https:\/\/galerii.eaa.ee\/vabaduse\/index.php?rest_route=\/wp\/v2\/media\/3188"}],"wp:attachment":[{"href":"https:\/\/galerii.eaa.ee\/vabaduse\/index.php?rest_route=%2Fwp%2Fv2%2Fmedia&parent=2627"}],"wp:term":[{"taxonomy":"category","embeddable":true,"href":"https:\/\/galerii.eaa.ee\/vabaduse\/index.php?rest_route=%2Fwp%2Fv2%2Fcategories&post=2627"},{"taxonomy":"post_tag","embeddable":true,"href":"https:\/\/galerii.eaa.ee\/vabaduse\/index.php?rest_route=%2Fwp%2Fv2%2Ftags&post=2627"}],"curies":[{"name":"wp","href":"https:\/\/api.w.org\/{rel}","templated":true}]}}