{"id":2629,"date":"2022-01-09T17:11:22","date_gmt":"2022-01-09T15:11:22","guid":{"rendered":"https:\/\/test.raplakunst.eu\/?p=2629"},"modified":"2022-01-09T17:11:22","modified_gmt":"2022-01-09T15:11:22","slug":"aapo-pukk","status":"publish","type":"post","link":"https:\/\/galerii.eaa.ee\/vabaduse\/?p=2629","title":{"rendered":"Aapo Pukk\u2028. Portreed vabaduses<h3><span class='sec'>31.05-19.06.2012<\/span><\/h3>"},"content":{"rendered":"\n<p><strong>Neljap\u00e4eval 31. mail kell 17.00\u00a0 avatakse Eesti Kunstnike Liidule kuuluvas Vabaduse galeriis (Vabaduse v\u00e4ljak 6) n\u00e4itus: Aapo Pukk \u201cPortreed vabaduses\u201d. N\u00e4itus kestab 19. juunini.<\/strong><br>\u00a0<br><strong>7. juunil kell 16.00 portreteerib Aapo Pukk galeriis v\u00e4\u00e4rikat kolleegi Valli Lember Bogatkinat.  Portreeseanss on pubikule avatud.<\/strong><\/p>\n\n\n\n<p>&#8220;Portreed vabaduses\u201d on \u00fcks kunstniku juubeliaasta n\u00e4itustest. Portreevalik h\u00f5lmab sel n\u00e4itusel inimesi vaimu- ja v\u00f5imu eliidist, meie kaasaegseid, kes j\u00e4\u00e4vad eesti kultuuriloos p\u00fcsima mitte ainult \u00f5nnestunud kunstiteoste modellidena vaid enamasti ka ajalooliste isiksustena. <br>\u00a0<br>Eestil puudub vanade kultuuririikide sarnane rahvuslik portreedegalerii ent ka meil on institutsioone, kes on asunud oma v\u00e4ljapaistvate esindajate portreid koondama. Portreegalerii on mitmel Eesti k\u00f5rgkoolil, rahvaesinduses Toompeal, Eesti Evangeelse Luteri Kiriku Konsistooriumil, linnavalitsustel ja teatritel. Aapo Pukk on maalinud asjaomaste institutsioonide tellimusel ent t\u00e4itnud ka eratellimusi isiklikesse kunstikogudesse ja maalinud portreid lihtsalt huvist kohatud modelli vastu. Lapsep\u00f5lvest alguse saanud s\u00fcstemaatiline kunstikoolitus, mis p\u00e4\u00e4dis Kunstiakadeemia (siis ERKI) graafikaosakonna l\u00f5petamisega 1986 on loonud eeldused p\u00fchendunud ja arengulise portreekunstniku kujunemiseks. Traditsioonilisest modernismist l\u00e4htuvad ps\u00fchholoogilised \u00f5limaal-portreed vahelduvad tema loomingus meisterlike \u00fche seansiga valminud pastellportreedega. Aapo Puki praktika on juba ammu \u00fcletanud Eesti piirid. Ta on maalinud nii vene kiriklikke prelaate kui Soome akadeemilisi- ja kunstiinimesi. <br>\u00a0<br>Aapo Pukk on taas kodumaal alles vaevalt aastajagu. Viieaastane viibimine ja maalija praksis Californias t\u00f5i eelmisel aastal kaasa peaauhinna 21 riigis leviva ja \u00fcheks maailma mainekamaks kunstiv\u00e4ljaandeks peetava International Artist Magazine\u2019i korraldatud v\u00f5istlusel \u201cInimesed ja figuurid\u201d. <br>\u00a0<br>Aapo Pukk on viimase 20 aasta jooksul maalinud arvukalt erinevas formaadis portreid, mis on leidnud koha praktiliselt k\u00f5igis maailmajagudes. Ta kuulub alates 1999. aastast maailma suurimasse portreekunstnike organisatsiooni, \u00fcle 3000 liikme koondavasse Portrait Society of America (PSOA), on California Kunsti\u00fchingu, Eesti Vabagraafikute \u00dchenduse ja Eesti Kunstnike Liidu liige. 2011 t\u00f5i ka eriauhinna Firenze kaasaegse kunsti biennaalil. 2012 aastal hinnati tema teost \u201cKoorit\u00fcdruk\u201d (t\u00fctarlaps Tallinna Jaani kiriku koorist) 2-koha v\u00e4\u00e4riliseks ning maal \u201cScum ja Star\u201d sai Honorable Mention auhinna 760 portree hulgast Ameerika Portreekunsti \u00dchingu iga-aastasel ainult \u00fchingu liikmetele korraldatud v\u00f5istlusel. <br>\u00a0<br>Aapo Pukk on maalinud tuntud eestlasi, kelle hulgas on teadurid Rein Taagepera ja Heiki Pisuke, poliitikud Mart Laar, Arnold R\u00fc\u00fctel, Siiri Oviir, Vilja Savisaar, T\u00f5nis Lukas, Edgar Savisaar; kultuuritegelased Tiia-Ester Loitme, Leelo Tungal, Margarita Voites, Elle Kull, Kaie K\u00f5rb, Lembit Saarsalu ja paljud teised. Ent ta on maalinud ka inimesi n\u00f6 teisest Eestist, kelle n\u00e4gudes peegelduv l\u00e4bielatu on puudutanud kunstniku hinge.<\/p>\n\n\n\n<div class=\"post-views post-15190 entry-meta\">&nbsp;<\/div>\n\n\n\n<p>Juta Kivim\u00e4e<\/p>\n","protected":false},"excerpt":{"rendered":"<p>Neljap\u00e4eval 31. mail kell 17.00\u00a0 avatakse Eesti Kunstnike Liidule kuuluvas Vabaduse galeriis (Vabaduse v\u00e4ljak 6) n\u00e4itus: Aapo Pukk \u201cPortreed vabaduses\u201d. N\u00e4itus kestab 19. juunini.\u00a07. juunil kell 16.00 portreteerib Aapo Pukk galeriis v\u00e4\u00e4rikat kolleegi Valli Lember Bogatkinat. Portreeseanss on pubikule avatud. &#8220;Portreed vabaduses\u201d on \u00fcks kunstniku juubeliaasta n\u00e4itustest. Portreevalik h\u00f5lmab sel n\u00e4itusel inimesi vaimu- ja v\u00f5imu [&hellip;]<\/p>\n","protected":false},"author":1,"featured_media":3190,"comment_status":"closed","ping_status":"closed","sticky":false,"template":"","format":"standard","meta":{"_uag_custom_page_level_css":"","site-sidebar-layout":"default","site-content-layout":"default","ast-site-content-layout":"","site-content-style":"default","site-sidebar-style":"default","ast-global-header-display":"","ast-banner-title-visibility":"","ast-main-header-display":"","ast-hfb-above-header-display":"","ast-hfb-below-header-display":"","ast-hfb-mobile-header-display":"","site-post-title":"","ast-breadcrumbs-content":"","ast-featured-img":"","footer-sml-layout":"","theme-transparent-header-meta":"default","adv-header-id-meta":"","stick-header-meta":"","header-above-stick-meta":"","header-main-stick-meta":"","header-below-stick-meta":"","astra-migrate-meta-layouts":"default","ast-page-background-enabled":"default","ast-page-background-meta":{"desktop":{"background-color":"var(--ast-global-color-4)","background-image":"","background-repeat":"repeat","background-position":"center center","background-size":"auto","background-attachment":"scroll","background-type":"","background-media":"","overlay-type":"","overlay-color":"","overlay-opacity":"","overlay-gradient":""},"tablet":{"background-color":"","background-image":"","background-repeat":"repeat","background-position":"center center","background-size":"auto","background-attachment":"scroll","background-type":"","background-media":"","overlay-type":"","overlay-color":"","overlay-opacity":"","overlay-gradient":""},"mobile":{"background-color":"","background-image":"","background-repeat":"repeat","background-position":"center center","background-size":"auto","background-attachment":"scroll","background-type":"","background-media":"","overlay-type":"","overlay-color":"","overlay-opacity":"","overlay-gradient":""}},"ast-content-background-meta":{"desktop":{"background-color":"var(--ast-global-color-5)","background-image":"","background-repeat":"repeat","background-position":"center center","background-size":"auto","background-attachment":"scroll","background-type":"","background-media":"","overlay-type":"","overlay-color":"","overlay-opacity":"","overlay-gradient":""},"tablet":{"background-color":"var(--ast-global-color-5)","background-image":"","background-repeat":"repeat","background-position":"center center","background-size":"auto","background-attachment":"scroll","background-type":"","background-media":"","overlay-type":"","overlay-color":"","overlay-opacity":"","overlay-gradient":""},"mobile":{"background-color":"var(--ast-global-color-5)","background-image":"","background-repeat":"repeat","background-position":"center center","background-size":"auto","background-attachment":"scroll","background-type":"","background-media":"","overlay-type":"","overlay-color":"","overlay-opacity":"","overlay-gradient":""}},"footnotes":""},"categories":[10],"tags":[],"class_list":["post-2629","post","type-post","status-publish","format-standard","has-post-thumbnail","hentry","category-10"],"uagb_featured_image_src":{"full":["https:\/\/galerii.eaa.ee\/vabaduse\/wp-content\/uploads\/pukk.jpg",1200,719,false],"thumbnail":["https:\/\/galerii.eaa.ee\/vabaduse\/wp-content\/uploads\/pukk-150x150.jpg",150,150,true],"medium":["https:\/\/galerii.eaa.ee\/vabaduse\/wp-content\/uploads\/pukk-300x180.jpg",300,180,true],"medium_large":["https:\/\/galerii.eaa.ee\/vabaduse\/wp-content\/uploads\/pukk-768x460.jpg",768,460,true],"large":["https:\/\/galerii.eaa.ee\/vabaduse\/wp-content\/uploads\/pukk-1024x614.jpg",1024,614,true],"1536x1536":["https:\/\/galerii.eaa.ee\/vabaduse\/wp-content\/uploads\/pukk.jpg",1200,719,false],"2048x2048":["https:\/\/galerii.eaa.ee\/vabaduse\/wp-content\/uploads\/pukk.jpg",1200,719,false]},"uagb_author_info":{"display_name":"vabadusegalerii","author_link":"https:\/\/galerii.eaa.ee\/vabaduse\/?author=1"},"uagb_comment_info":0,"uagb_excerpt":"Neljap\u00e4eval 31. mail kell 17.00\u00a0 avatakse Eesti Kunstnike Liidule kuuluvas Vabaduse galeriis (Vabaduse v\u00e4ljak 6) n\u00e4itus: Aapo Pukk \u201cPortreed vabaduses\u201d. N\u00e4itus kestab 19. juunini.\u00a07. juunil kell 16.00 portreteerib Aapo Pukk galeriis v\u00e4\u00e4rikat kolleegi Valli Lember Bogatkinat. Portreeseanss on pubikule avatud. &#8220;Portreed vabaduses\u201d on \u00fcks kunstniku juubeliaasta n\u00e4itustest. Portreevalik h\u00f5lmab sel n\u00e4itusel inimesi vaimu- ja v\u00f5imu&hellip;","_links":{"self":[{"href":"https:\/\/galerii.eaa.ee\/vabaduse\/index.php?rest_route=\/wp\/v2\/posts\/2629","targetHints":{"allow":["GET"]}}],"collection":[{"href":"https:\/\/galerii.eaa.ee\/vabaduse\/index.php?rest_route=\/wp\/v2\/posts"}],"about":[{"href":"https:\/\/galerii.eaa.ee\/vabaduse\/index.php?rest_route=\/wp\/v2\/types\/post"}],"author":[{"embeddable":true,"href":"https:\/\/galerii.eaa.ee\/vabaduse\/index.php?rest_route=\/wp\/v2\/users\/1"}],"replies":[{"embeddable":true,"href":"https:\/\/galerii.eaa.ee\/vabaduse\/index.php?rest_route=%2Fwp%2Fv2%2Fcomments&post=2629"}],"version-history":[{"count":0,"href":"https:\/\/galerii.eaa.ee\/vabaduse\/index.php?rest_route=\/wp\/v2\/posts\/2629\/revisions"}],"wp:featuredmedia":[{"embeddable":true,"href":"https:\/\/galerii.eaa.ee\/vabaduse\/index.php?rest_route=\/wp\/v2\/media\/3190"}],"wp:attachment":[{"href":"https:\/\/galerii.eaa.ee\/vabaduse\/index.php?rest_route=%2Fwp%2Fv2%2Fmedia&parent=2629"}],"wp:term":[{"taxonomy":"category","embeddable":true,"href":"https:\/\/galerii.eaa.ee\/vabaduse\/index.php?rest_route=%2Fwp%2Fv2%2Fcategories&post=2629"},{"taxonomy":"post_tag","embeddable":true,"href":"https:\/\/galerii.eaa.ee\/vabaduse\/index.php?rest_route=%2Fwp%2Fv2%2Ftags&post=2629"}],"curies":[{"name":"wp","href":"https:\/\/api.w.org\/{rel}","templated":true}]}}