{"id":2631,"date":"2022-01-09T17:11:46","date_gmt":"2022-01-09T15:11:46","guid":{"rendered":"https:\/\/test.raplakunst.eu\/?p=2631"},"modified":"2023-06-08T19:49:49","modified_gmt":"2023-06-08T16:49:49","slug":"neeme-kulbok","status":"publish","type":"post","link":"https:\/\/galerii.eaa.ee\/vabaduse\/?p=2631","title":{"rendered":"Neeme Kulbok\u2028. Langev valgus<h3><span class='sec'>21.06-3.07.2012<\/span><\/h3>"},"content":{"rendered":"<p><strong>Neljap\u00e4eval 21. juunil kell 17.00 avatakse Eesti Kunstnike Liidu Vabaduse galeriis Neeme Kulboki maalin\u00e4itus \u201cLangev valgus\u201d. N\u00e4itus j\u00e4\u00e4b avatuks 3. juulini.<\/strong><\/p>\n<p>Neeme Kulboki maalik\u00e4sitlus interpreteerib t\u00e4nap\u00e4evaselt 20. sajandi abstraktsionismi anal\u00fc\u00fctilisemaid arengusuundi ja v\u00f5imalusi. Ta liigub vabalt erinevaid maalitehnikaid ja -laade rakendades minimalistlikust ornamentaalsest kujundlikkusest spontaanse maalilise ekspressionismini. Lai v\u00e4ljendusskaala v\u00f5imaldab luua k\u00f5ige erinevamais v\u00e4rvikooslustes struktuurmaale, ent autori s\u00f5nul areneb tema loomingu kujundlikkus peaaegu alati konkreetsetest loodusmotiividest.<\/p>\n<p>Kulboki maalipindade meditatiivsed struktuurid kasvavad v\u00e4lja soojades kumavates toonides permanentselt alusmaalilt. Spontaanne esmane v\u00e4rvile ja intensiivsusle rajanev tulemus v\u00f5ib areneda l\u00f5plikuks ajuti ka v\u00e4ga pika perioodi jooksul.<\/p>\n<p>Selgi n\u00e4itusel liituvad autori tugeva eneseanal\u00fc\u00fcsiga \u00e4raatuntavalt tajutavad motiivid. Neeme Kulboki s\u00f5nul on loodusmotiive, mille juurde ta oma loomingus korduvalt p\u00f6\u00f6rdub. \u00dcks neist on Kaali korrap\u00e4rane kraaterj\u00e4rv Saaremaal. Samuti on loomingut ja ellusuhtumist m\u00f5jutanud omaaegse \u00f5ppej\u00f5u Kaljo P\u00f5llu paleoloogiline kujunditemaailm. Kulboki loomingus peegelduvad need olulised majakad eelk\u00f5ige kaudsete m\u00f5jutajatena. Kaali j\u00e4rve korrap\u00e4rane ellips on ilmunud kinnismotiivina mitmele viimastel aastatel valminud maalile.<\/p>\n<p>Neeme Kulbok (1957) on l\u00f5petanud maali eriala Eesti Kunstiakadeemias 1991. aastal. Tema \u00f5ppej\u00f5ududeks on olnud Enn P\u00f5ldroos, Tiit P\u00e4\u00e4suke, Ando Keskk\u00fcla, Lemming Nagel ning Uno Roosvalt. Ta on esinenud isikn\u00e4itustel alates 1991. aastast ning on olnud aastaid vabakunstnik. Viimastel aastatel annab ta Kunstiakadeenia \u00f5ppej\u00f5una maalitunde erinevate erialade \u00fcli\u00f5pilastele, muuhulgas ka algajatele maalijatele.<\/p>\n<p>Jaan Toomik:<\/p>\n<p>Neeme Kulboki poolabstraksed maalid paistavad silma tundliku v\u00e4rvitaju ja peene loodusetunnetusega. Tal on klassikaline maaliharidus, seet\u00f5ttu on loomulik, et tema t\u00f6\u00f6des v\u00f5ib n\u00e4ha s\u00fcvenenud tegelemist maaliainesega. T\u00e4nap\u00e4eva kiires ja pealiskaudses maailmas on see haruldane, kuid omab j\u00e4rjest suuremat kaalu ning t\u00e4hendust.<\/p>\n<p>Vano Allsalu:<\/p>\n<p>Ilmselgelt on Neeme Kulboki looming allutatud p\u00e4ris karmile maaliainese anal\u00fc\u00fcsile ja see omakorda n\u00e4ib seostuvat tema kui kunstniku \u2013 ja inimese \u2013 enesekuvandiga. Ning eraku mainega, mis pole mitte laest v\u00f5etud. Autor on neis t\u00f6\u00f6des v\u00e4ga tugevalt kohal, ehkki motiivid p\u00e4rinevad pea eranditult \u00fcmbritsevast loodusest. Sest vaatlus toimub siin selgelt \u00fchest punktist \u2013 ja selles punktis asub maalija ise. \/ \/ Huvitav on seejuures, et vaatamata ilmsele ratsionaalsuse kohalolule ning hoomatavale vaimsele p\u00fcrgimusele ei ole tema t\u00f6\u00f6d siiski emotsioonidest vaesed. Pigem on emotsionaalsus \u2013 ja mitte ainu\u00fcksi v\u00e4rvide emotsionaalsus \u2013 Kulboki t\u00f6\u00f6des lausa ebatavaliselt tugevalt esil.<\/p>\n","protected":false},"excerpt":{"rendered":"<p>Neljap\u00e4eval 21. juunil kell 17.00 avatakse Eesti Kunstnike Liidu Vabaduse galeriis Neeme Kulboki maalin\u00e4itus \u201cLangev valgus\u201d. N\u00e4itus j\u00e4\u00e4b avatuks 3. juulini. Neeme Kulboki maalik\u00e4sitlus interpreteerib t\u00e4nap\u00e4evaselt 20. sajandi abstraktsionismi anal\u00fc\u00fctilisemaid arengusuundi ja v\u00f5imalusi. Ta liigub vabalt erinevaid maalitehnikaid ja -laade rakendades minimalistlikust ornamentaalsest kujundlikkusest spontaanse maalilise ekspressionismini. Lai v\u00e4ljendusskaala v\u00f5imaldab luua k\u00f5ige erinevamais v\u00e4rvikooslustes struktuurmaale, [&hellip;]<\/p>\n","protected":false},"author":1,"featured_media":3912,"comment_status":"closed","ping_status":"closed","sticky":false,"template":"","format":"standard","meta":{"_uag_custom_page_level_css":"","site-sidebar-layout":"default","site-content-layout":"default","ast-site-content-layout":"","site-content-style":"default","site-sidebar-style":"default","ast-global-header-display":"","ast-banner-title-visibility":"","ast-main-header-display":"","ast-hfb-above-header-display":"","ast-hfb-below-header-display":"","ast-hfb-mobile-header-display":"","site-post-title":"","ast-breadcrumbs-content":"","ast-featured-img":"","footer-sml-layout":"","theme-transparent-header-meta":"default","adv-header-id-meta":"","stick-header-meta":"","header-above-stick-meta":"","header-main-stick-meta":"","header-below-stick-meta":"","astra-migrate-meta-layouts":"default","ast-page-background-enabled":"default","ast-page-background-meta":{"desktop":{"background-color":"var(--ast-global-color-4)","background-image":"","background-repeat":"repeat","background-position":"center center","background-size":"auto","background-attachment":"scroll","background-type":"","background-media":"","overlay-type":"","overlay-color":"","overlay-opacity":"","overlay-gradient":""},"tablet":{"background-color":"","background-image":"","background-repeat":"repeat","background-position":"center center","background-size":"auto","background-attachment":"scroll","background-type":"","background-media":"","overlay-type":"","overlay-color":"","overlay-opacity":"","overlay-gradient":""},"mobile":{"background-color":"","background-image":"","background-repeat":"repeat","background-position":"center center","background-size":"auto","background-attachment":"scroll","background-type":"","background-media":"","overlay-type":"","overlay-color":"","overlay-opacity":"","overlay-gradient":""}},"ast-content-background-meta":{"desktop":{"background-color":"var(--ast-global-color-5)","background-image":"","background-repeat":"repeat","background-position":"center center","background-size":"auto","background-attachment":"scroll","background-type":"","background-media":"","overlay-type":"","overlay-color":"","overlay-opacity":"","overlay-gradient":""},"tablet":{"background-color":"var(--ast-global-color-5)","background-image":"","background-repeat":"repeat","background-position":"center center","background-size":"auto","background-attachment":"scroll","background-type":"","background-media":"","overlay-type":"","overlay-color":"","overlay-opacity":"","overlay-gradient":""},"mobile":{"background-color":"var(--ast-global-color-5)","background-image":"","background-repeat":"repeat","background-position":"center center","background-size":"auto","background-attachment":"scroll","background-type":"","background-media":"","overlay-type":"","overlay-color":"","overlay-opacity":"","overlay-gradient":""}},"footnotes":""},"categories":[10],"tags":[],"class_list":["post-2631","post","type-post","status-publish","format-standard","has-post-thumbnail","hentry","category-10"],"uagb_featured_image_src":{"full":["https:\/\/galerii.eaa.ee\/vabaduse\/wp-content\/uploads\/hall.jpg",1200,797,false],"thumbnail":["https:\/\/galerii.eaa.ee\/vabaduse\/wp-content\/uploads\/hall-150x150.jpg",150,150,true],"medium":["https:\/\/galerii.eaa.ee\/vabaduse\/wp-content\/uploads\/hall-300x199.jpg",300,199,true],"medium_large":["https:\/\/galerii.eaa.ee\/vabaduse\/wp-content\/uploads\/hall-768x510.jpg",768,510,true],"large":["https:\/\/galerii.eaa.ee\/vabaduse\/wp-content\/uploads\/hall-1024x680.jpg",1024,680,true],"1536x1536":["https:\/\/galerii.eaa.ee\/vabaduse\/wp-content\/uploads\/hall.jpg",1200,797,false],"2048x2048":["https:\/\/galerii.eaa.ee\/vabaduse\/wp-content\/uploads\/hall.jpg",1200,797,false]},"uagb_author_info":{"display_name":"vabadusegalerii","author_link":"https:\/\/galerii.eaa.ee\/vabaduse\/?author=1"},"uagb_comment_info":0,"uagb_excerpt":"Neljap\u00e4eval 21. juunil kell 17.00 avatakse Eesti Kunstnike Liidu Vabaduse galeriis Neeme Kulboki maalin\u00e4itus \u201cLangev valgus\u201d. N\u00e4itus j\u00e4\u00e4b avatuks 3. juulini. Neeme Kulboki maalik\u00e4sitlus interpreteerib t\u00e4nap\u00e4evaselt 20. sajandi abstraktsionismi anal\u00fc\u00fctilisemaid arengusuundi ja v\u00f5imalusi. Ta liigub vabalt erinevaid maalitehnikaid ja -laade rakendades minimalistlikust ornamentaalsest kujundlikkusest spontaanse maalilise ekspressionismini. Lai v\u00e4ljendusskaala v\u00f5imaldab luua k\u00f5ige erinevamais v\u00e4rvikooslustes struktuurmaale,&hellip;","_links":{"self":[{"href":"https:\/\/galerii.eaa.ee\/vabaduse\/index.php?rest_route=\/wp\/v2\/posts\/2631","targetHints":{"allow":["GET"]}}],"collection":[{"href":"https:\/\/galerii.eaa.ee\/vabaduse\/index.php?rest_route=\/wp\/v2\/posts"}],"about":[{"href":"https:\/\/galerii.eaa.ee\/vabaduse\/index.php?rest_route=\/wp\/v2\/types\/post"}],"author":[{"embeddable":true,"href":"https:\/\/galerii.eaa.ee\/vabaduse\/index.php?rest_route=\/wp\/v2\/users\/1"}],"replies":[{"embeddable":true,"href":"https:\/\/galerii.eaa.ee\/vabaduse\/index.php?rest_route=%2Fwp%2Fv2%2Fcomments&post=2631"}],"version-history":[{"count":1,"href":"https:\/\/galerii.eaa.ee\/vabaduse\/index.php?rest_route=\/wp\/v2\/posts\/2631\/revisions"}],"predecessor-version":[{"id":4689,"href":"https:\/\/galerii.eaa.ee\/vabaduse\/index.php?rest_route=\/wp\/v2\/posts\/2631\/revisions\/4689"}],"wp:featuredmedia":[{"embeddable":true,"href":"https:\/\/galerii.eaa.ee\/vabaduse\/index.php?rest_route=\/wp\/v2\/media\/3912"}],"wp:attachment":[{"href":"https:\/\/galerii.eaa.ee\/vabaduse\/index.php?rest_route=%2Fwp%2Fv2%2Fmedia&parent=2631"}],"wp:term":[{"taxonomy":"category","embeddable":true,"href":"https:\/\/galerii.eaa.ee\/vabaduse\/index.php?rest_route=%2Fwp%2Fv2%2Fcategories&post=2631"},{"taxonomy":"post_tag","embeddable":true,"href":"https:\/\/galerii.eaa.ee\/vabaduse\/index.php?rest_route=%2Fwp%2Fv2%2Ftags&post=2631"}],"curies":[{"name":"wp","href":"https:\/\/api.w.org\/{rel}","templated":true}]}}