{"id":2667,"date":"2023-01-09T19:23:17","date_gmt":"2023-01-09T17:23:17","guid":{"rendered":"https:\/\/test.raplakunst.eu\/?p=2667"},"modified":"2023-01-09T19:23:17","modified_gmt":"2023-01-09T17:23:17","slug":"marje-uksine-motterannud","status":"publish","type":"post","link":"https:\/\/galerii.eaa.ee\/vabaduse\/?p=2667","title":{"rendered":"Marje \u00dcksine. M\u00f5tter\u00e4nnud<h3><span class='sec'>15.05\u20133.06.2020<\/span><\/h3>"},"content":{"rendered":"<p><strong>Olete oodatud Marje \u00dcksise n\u00e4itusele \u201eM\u00f5tter\u00e4nnud\u201c Vabaduse galeriis. N\u00e4itus on avatud 15. 05. \u2013 3. 06. 2020. Kunstnik on galeriis esmasp\u00e4eval, 18. mail kella 14\u201318.<\/strong><\/p>\n<p>Marje \u00dcksine hakkas n\u00e4itustel esinema kohe p\u00e4rast kunstiakadeemia (ERKI) l\u00f5petamist 1970. aastal graafikuna. Ta on graafikale, eelk\u00f5ige s\u00fcgavtr\u00fckitehnikatele siiani truuks j\u00e4\u00e4nud. Kuigi tema loomingut ainult graafikaga piirata ei ole \u00f5ige, sest ta on n\u00e4itustel esinenud ka joonistuse ja akvarelliga. \u00dcksise esimene isikun\u00e4itus oli 1974. aastal, seal n\u00e4itas ta ennast professionaalselt nii k\u00fcpsena, et samal aastal v\u00f5eti ta kunstnike liidu liikmeks. 1992. aastast on ta vabagraafikute ja ka akvarellistide \u00fchenduse liige.<\/p>\n<p>Marje \u00dcksine tuli meie kunstiellu \u00f5nnelikul ajal, ise\u00e4ranis kui m\u00f5elda graafika peale: graafika eksperimentaalateljee \u00f5ilmitses, graafikatehnikad, ise\u00e4ranis s\u00fcgavtr\u00fcki omad olid au sees, 1968. aastal toimus esimene Tallinna graafikatriennaal, s\u00e4ravate noorte naisgraafikute t\u00f6\u00f6de eriline tundej\u00f5ud ja intiimsus leidis vaimustunud vastuv\u00f5ttu. Avaram kunstim\u00f5te ja vabam kunstiv\u00e4ljendus oli endale eesti kunstis koha kindlustanud.<\/p>\n<p>Marje \u00dcksine tuli kunsti 1960ndate teise poole naisgraafikute laines, kuid tema pilk ei olnud ei siis ega ka hiljem suunatud mitte niiv\u00f5rd tunde-, kuiv\u00f5rd nii-\u00f6elda kaamerasilma t\u00e4psusele. Ta on olnud t\u00e4helepanelik j\u00e4lgija, flaneur ja motiivide koguja, et nendest graafikatehnika(te)sse viiduna \u2013 olgu siis mitmelt plaadilt kokku tr\u00fckituna v\u00e4rviliste v\u00f5i ka mustvalgete s\u00fcgavtr\u00fckilehtede v\u00f5i litodena \u2013 esitada oma, parajalt nihestatud maailm.<\/p>\n<p>Marje \u00dcksine on omap\u00e4i k\u00e4ija, kes on suhtunud t\u00e4ie t\u00f5sidusega tehnilisse, isegi k\u00e4sit\u00f6\u00f6likku t\u00e4psusesse, meisterlikkusesse, kuid kes on vaistlikult tabanud ka ajale omast, uut, et seda siis endale sobival viisil kunstiks vormida.<br \/>\nMarje \u00dcksise viimaste aastak\u00fcmnete kunst on ehitatud \u00fcles abstraktsele, sageli tugeva v\u00e4rviga efektsele kujundile \u2013 hulknurgad, v\u00e4ljavenitatud ristk\u00fclikud, ringid, hammasrattad, poolkuud, mille sisse ja m\u00f5nikord ka \u00fcmber on pikitud v\u00e4iksemaid detaile, isiklike m\u00e4lusoppide s\u00e4hvatusi k\u00f5rvuti kultuuriliselt laetud fragmentidega. Kuivn\u00f5ela j\u00e4rsud, pealet\u00fckkivad jooned l\u00f5ikavad halastamatult l\u00e4bi metsotinto mahedad, salap\u00e4rased pinnad, aga kuivn\u00f5elas jooni v\u00f5ib vaadata ka \u00fchendavate niitidena, k\u00f5ik oleneb, millise seos on vaatajal esitatud m\u00e4rkidega. Paari viimase aasta jooksul on keskne kujund m\u00f5nigi kord omandanud kirjat\u00e4he kuju ja siis lisandub abstraktsele kujutisele palimpsesti tasand \u2013 algse (kunagise) s\u00f5numi varjatus, isegi t\u00fchistatus. Aga seda v\u00f5ib vaadata m\u00e4nguna, kunstniku rahutu m\u00f5tte r\u00e4nnuna.<\/p>\n<p>Vabaduse galerii \u201cM\u00f5tter\u00e4ndude\u201d kaass\u00f5nas on kunstnik \u00fcsna \u00fchem\u00f5tteliselt osutanud tagasivaatele: \u201cSelle n\u00e4itusega t\u00e4histan enda pool sajandit kestnud tegutsemist kunstiv\u00e4ljal\u201d. Tegemist ei ole aga pika ja viljaka loomingutee kokkuv\u00f5ttega selle tavap\u00e4rases m\u00f5ttes: eksponeeritud teosed on valminud paaril viimasel aastal, peamiselt t\u00e4navu, sekka vaid m\u00f5ni viie aasta tagune teos. Aga ei \u00fchtegi vanemat.<\/p>\n<p>Viis aastat tagasi oli Marje \u00dcksisel Tallinna Kunstihoone galeriis t\u00e4hendusliku pealkirjaga n\u00e4itus \u201cAvanemine\u201d, ka toonased teosed olid samamoodi pealkirjastatud. \u00dcks \u201cAvanemise\u201d t\u00f6\u00f6dest on saanud sel korral t\u00e4iesti teistsuguse vormi: originaalis kuivn\u00f5ela ja metsotinto tehnikas lehte on digitaalselt suurendatud ja seej\u00e4rel l\u00f5uendile v\u00e4lja tr\u00fckitud. Ekspositsiooni keskse koha t\u00f5ttu v\u00f5ib digitr\u00fckki vaadata nii \u00fchendusl\u00fcli kui ka sissejuhatusena. Metatasandid ja -kihistused viitavad kunstniku t\u00f6\u00f6tamisviisile, tema enda muljetele, kogutud motiividele ja nendega seotud kultuuriliste m\u00e4rkide kuhjumisele, aga ka m\u00e4lupiltide hajutatusele, sest suurendamisel on efektsed v\u00e4rvid ja teravad kujundid mahenenud. L\u00f5uendile tr\u00fckkimistki v\u00f5ib mitmeti t\u00f5lgendada: ihalusena maalikunsti j\u00e4rele v\u00f5i kergelt iroonilise kommentaarina.<\/p>\n<p>Kunstnik ise on oma m\u00f5tter\u00e4ndude avamisel j\u00e4\u00e4nud \u00fcsna napis\u00f5naliseks \u2013 \u201eKust algavad ja kuhu suunduvad minu m\u00f5tter\u00e4nnud, seda peaks otsustama n\u00e4htu p\u00f5hjal v\u00e4ljapaneku\u00a0 k\u00fclastaja.\u201c\u00a0 \u2013, kuid viimaste teoste pealkirjades kordub mantrana loodus (\u201eM\u00f5tter\u00e4nnud looduses I-VIII\u201c) ning\u00a0 kahes t\u00e4navu valminud lehes (\u201eM\u00e4ng\u201c IV ja V) on ta m\u00e4rkidega kaetud ringide, rombide ja teiste geomeetriliste kujundite vahele ja \u00fcmber teinud sissel\u00f5ike oma varasemasse loomingusse.<\/p>\n<p>Pool aastasada v\u00f5ib mahtuda viide aastasse, ise\u00e4ranis, kui need aastad algavad avanemisega ja j\u00e4tkuvad m\u00f5tter\u00e4ndudena kultuuriga laetud loodusesse.<\/p>\n<p>N\u00e4itust ja galeriid toetavad Eesti Kultuurkapital, Kultuuriministeerium, AS Liviko.<\/p>\n<p>Lisainfo:<br \/>\nMarje \u00dcksine<br \/>\nTel: + 372 555 98 222<\/p>\n<p>Reet Varblane, galerist<br \/>\nTel: +372 5565 5014<\/p>\n","protected":false},"excerpt":{"rendered":"<p>Olete oodatud Marje \u00dcksise n\u00e4itusele \u201eM\u00f5tter\u00e4nnud\u201c Vabaduse galeriis. N\u00e4itus on avatud 15. 05. \u2013 3. 06. 2020. Kunstnik on galeriis esmasp\u00e4eval, 18. mail kella 14\u201318. Marje \u00dcksine hakkas n\u00e4itustel esinema kohe p\u00e4rast kunstiakadeemia (ERKI) l\u00f5petamist 1970. aastal graafikuna. Ta on graafikale, eelk\u00f5ige s\u00fcgavtr\u00fckitehnikatele siiani truuks j\u00e4\u00e4nud. Kuigi tema loomingut ainult graafikaga piirata ei ole \u00f5ige, [&hellip;]<\/p>\n","protected":false},"author":1,"featured_media":2765,"comment_status":"closed","ping_status":"closed","sticky":false,"template":"","format":"standard","meta":{"_uag_custom_page_level_css":"","site-sidebar-layout":"default","site-content-layout":"default","ast-site-content-layout":"","site-content-style":"default","site-sidebar-style":"default","ast-global-header-display":"","ast-banner-title-visibility":"","ast-main-header-display":"","ast-hfb-above-header-display":"","ast-hfb-below-header-display":"","ast-hfb-mobile-header-display":"","site-post-title":"","ast-breadcrumbs-content":"","ast-featured-img":"","footer-sml-layout":"","theme-transparent-header-meta":"default","adv-header-id-meta":"","stick-header-meta":"","header-above-stick-meta":"","header-main-stick-meta":"","header-below-stick-meta":"","astra-migrate-meta-layouts":"default","ast-page-background-enabled":"default","ast-page-background-meta":{"desktop":{"background-color":"var(--ast-global-color-4)","background-image":"","background-repeat":"repeat","background-position":"center center","background-size":"auto","background-attachment":"scroll","background-type":"","background-media":"","overlay-type":"","overlay-color":"","overlay-opacity":"","overlay-gradient":""},"tablet":{"background-color":"","background-image":"","background-repeat":"repeat","background-position":"center center","background-size":"auto","background-attachment":"scroll","background-type":"","background-media":"","overlay-type":"","overlay-color":"","overlay-opacity":"","overlay-gradient":""},"mobile":{"background-color":"","background-image":"","background-repeat":"repeat","background-position":"center center","background-size":"auto","background-attachment":"scroll","background-type":"","background-media":"","overlay-type":"","overlay-color":"","overlay-opacity":"","overlay-gradient":""}},"ast-content-background-meta":{"desktop":{"background-color":"var(--ast-global-color-5)","background-image":"","background-repeat":"repeat","background-position":"center center","background-size":"auto","background-attachment":"scroll","background-type":"","background-media":"","overlay-type":"","overlay-color":"","overlay-opacity":"","overlay-gradient":""},"tablet":{"background-color":"var(--ast-global-color-5)","background-image":"","background-repeat":"repeat","background-position":"center center","background-size":"auto","background-attachment":"scroll","background-type":"","background-media":"","overlay-type":"","overlay-color":"","overlay-opacity":"","overlay-gradient":""},"mobile":{"background-color":"var(--ast-global-color-5)","background-image":"","background-repeat":"repeat","background-position":"center center","background-size":"auto","background-attachment":"scroll","background-type":"","background-media":"","overlay-type":"","overlay-color":"","overlay-opacity":"","overlay-gradient":""}},"footnotes":""},"categories":[26],"tags":[],"class_list":["post-2667","post","type-post","status-publish","format-standard","has-post-thumbnail","hentry","category-26"],"uagb_featured_image_src":{"full":["https:\/\/galerii.eaa.ee\/vabaduse\/wp-content\/uploads\/yksine-1.jpg",723,313,false],"thumbnail":["https:\/\/galerii.eaa.ee\/vabaduse\/wp-content\/uploads\/yksine-1-150x150.jpg",150,150,true],"medium":["https:\/\/galerii.eaa.ee\/vabaduse\/wp-content\/uploads\/yksine-1-300x130.jpg",300,130,true],"medium_large":["https:\/\/galerii.eaa.ee\/vabaduse\/wp-content\/uploads\/yksine-1.jpg",723,313,false],"large":["https:\/\/galerii.eaa.ee\/vabaduse\/wp-content\/uploads\/yksine-1.jpg",723,313,false],"1536x1536":["https:\/\/galerii.eaa.ee\/vabaduse\/wp-content\/uploads\/yksine-1.jpg",723,313,false],"2048x2048":["https:\/\/galerii.eaa.ee\/vabaduse\/wp-content\/uploads\/yksine-1.jpg",723,313,false]},"uagb_author_info":{"display_name":"vabadusegalerii","author_link":"https:\/\/galerii.eaa.ee\/vabaduse\/?author=1"},"uagb_comment_info":0,"uagb_excerpt":"Olete oodatud Marje \u00dcksise n\u00e4itusele \u201eM\u00f5tter\u00e4nnud\u201c Vabaduse galeriis. N\u00e4itus on avatud 15. 05. \u2013 3. 06. 2020. Kunstnik on galeriis esmasp\u00e4eval, 18. mail kella 14\u201318. Marje \u00dcksine hakkas n\u00e4itustel esinema kohe p\u00e4rast kunstiakadeemia (ERKI) l\u00f5petamist 1970. aastal graafikuna. Ta on graafikale, eelk\u00f5ige s\u00fcgavtr\u00fckitehnikatele siiani truuks j\u00e4\u00e4nud. Kuigi tema loomingut ainult graafikaga piirata ei ole \u00f5ige,&hellip;","_links":{"self":[{"href":"https:\/\/galerii.eaa.ee\/vabaduse\/index.php?rest_route=\/wp\/v2\/posts\/2667","targetHints":{"allow":["GET"]}}],"collection":[{"href":"https:\/\/galerii.eaa.ee\/vabaduse\/index.php?rest_route=\/wp\/v2\/posts"}],"about":[{"href":"https:\/\/galerii.eaa.ee\/vabaduse\/index.php?rest_route=\/wp\/v2\/types\/post"}],"author":[{"embeddable":true,"href":"https:\/\/galerii.eaa.ee\/vabaduse\/index.php?rest_route=\/wp\/v2\/users\/1"}],"replies":[{"embeddable":true,"href":"https:\/\/galerii.eaa.ee\/vabaduse\/index.php?rest_route=%2Fwp%2Fv2%2Fcomments&post=2667"}],"version-history":[{"count":0,"href":"https:\/\/galerii.eaa.ee\/vabaduse\/index.php?rest_route=\/wp\/v2\/posts\/2667\/revisions"}],"wp:featuredmedia":[{"embeddable":true,"href":"https:\/\/galerii.eaa.ee\/vabaduse\/index.php?rest_route=\/wp\/v2\/media\/2765"}],"wp:attachment":[{"href":"https:\/\/galerii.eaa.ee\/vabaduse\/index.php?rest_route=%2Fwp%2Fv2%2Fmedia&parent=2667"}],"wp:term":[{"taxonomy":"category","embeddable":true,"href":"https:\/\/galerii.eaa.ee\/vabaduse\/index.php?rest_route=%2Fwp%2Fv2%2Fcategories&post=2667"},{"taxonomy":"post_tag","embeddable":true,"href":"https:\/\/galerii.eaa.ee\/vabaduse\/index.php?rest_route=%2Fwp%2Fv2%2Ftags&post=2667"}],"curies":[{"name":"wp","href":"https:\/\/api.w.org\/{rel}","templated":true}]}}