{"id":2748,"date":"2023-01-09T20:27:53","date_gmt":"2023-01-09T18:27:53","guid":{"rendered":"https:\/\/test.raplakunst.eu\/?p=2748"},"modified":"2023-01-09T20:27:53","modified_gmt":"2023-01-09T18:27:53","slug":"kersti-rattus-muutuste-aed","status":"publish","type":"post","link":"https:\/\/galerii.eaa.ee\/vabaduse\/?p=2748","title":{"rendered":"Kersti Rattus. Muutuste aed<h3><span class='sec'>17.09\u201312.10.2022<\/span><\/h3>"},"content":{"rendered":"<p><strong>Olete oodatud Kersti Rattuse n\u00e4ituse \u201eMuutuste aed\u201c avamisele Vabaduse galeriis reedel, 16. septembril kell 15. N\u00e4itus on avatud 17.09.\u201312.10.2022.<\/strong><\/p>\n<p>Kersti Rattus on p\u00e4rit Tallinnast, ka kunstihariduse omandas ta Tallinnas kunstiakadeemias (siis ERKI) teatrikujunduse ja maalikunsti alal, kuid 1980. aastast on tema elu seotud Viljandiga. Ta t\u00f6\u00f6tas 1982\u20131984 Ugala teatris ja on 1995. aastast (algul kaks aastat tunnitasulisena ja 1997. aastast p\u00f5hikohaga \u00f5ppej\u00f5una) seotud Viljandi kultuuriakadeemiaga. Ta \u00f5petab seal maali ja kompositsiooni ning t\u00f6\u00f6tas v\u00e4lja koos Kalju Komissaroviga teatrikunsti visuaaltehnoloogia \u00f5ppekava. Kersti Rattus armastab v\u00e4ga seda kooli ja oma t\u00f6\u00f6d. Tema algatusel hakati 1997. aastal t\u00f5sist t\u00e4helepanu p\u00f6\u00f6rama Viljandi p\u00e4rimusmuusika festivali visuaalsele identiteedile. Rattus tegi festivalile kujundust 20 aastat. Selle tuules kujundas ta ka Tartu Hansap\u00e4evi. Ta on r\u00fchmituse Para 89 \u00fcks asutajaliikmeid. 1990. aastal p\u00e4lvis ta Konrad M\u00e4e medali, 1999. aastal Viljandi kultuuriakadeemia (siis kultuurikolled\u017e) aastapreemia, 2000. aastal kultuurkapitali Viljandimaa sihtkapitali n\u00f5ukogu preemia p\u00e4rimusmuusika festivali kujundamise ja 2015. aastal aasta kultuuritegija aunimetuse mulgi kuue graafika v\u00e4ljat\u00f6\u00f6tamise eest XXVI laulu- ja XIX tantsupeol.<\/p>\n<p>\u00d5petamis- ja kujundust\u00f6\u00f6de k\u00f5rval ei j\u00e4\u00e4nud n\u00e4itusetegevuseks just palju aega ja nii tuli sellesse valda ligi kahek\u00fcmne aastane paus. 2012. aastal sai Kersti Rattuse maale ja objekte n\u00e4ha Viljandis Kondase keskuses. Vabaduse galeriis on tema n\u00e4itus esimest korda.<\/p>\n<p>\u201eMuutuste aias\u201c on v\u00e4ljas Kersti Rattuse loomingu mitme ajaj\u00e4rgu\u2013 nii traditsioonilisemat akr\u00fc\u00fclimaali kui ka \u00fcllatuslikemaid segatehnikas, ka tema v\u00e4lja arendatud aurut\u00f5kkepaberi tr\u00fckis t\u00f6id, mille puhul on \u00fcsna keeruline \u00f6elda, kas tegemist on maali, tekstiili v\u00f5i reljeefiga. K\u00f5ige varajasem teos on lausa 1988. aastast, mitmed on 2012. ja 2015. aastast ning kolm on valminud t\u00e4navu. Tinglikult v\u00f5ib kujutatu paigutada praegu nii ohtralt kasutatud aia teema alla. Kersti Rattuse aiateemal on taga reaalne elu: koroona ja sellest tingitud isolatsioon ning sellest vabanemiseks oma aia rajamine. \u201eEnam ei jaksa uutesse suhetesse ja algatustesse tormata ja kui koju, nelja seina vahele t\u00f5mbuda, siis oleks see pigem avardumiseta kokkut\u00f5mbumine. Aia rajamine loob teistsuguse olukorra, eemaldumine toimuks justkui igaviku, looduse aastaringide kaudu kosmilise avaruse ja l\u00f5putuse poole. Aga loomulikult ei ole vaja seda teed mullaks ja v\u00e4etiseks liiga t\u00f5siselt ka v\u00f5tta, nali on meie k\u00f5ikv\u00f5imalikest kontseptsioonidest ehk k\u00f5ige olemuslikum \u00fcldse.\u201c<\/p>\n<p>Kersti Rattuse \u201eaed\u201c on erksav\u00e4rviline, r\u00f5\u00f5mus ja mis peaasi, igaveste muutuste paik. Tema oma fantaasiapaik, kus ta v\u00f5ib lasta fantaasial ja loomingulisusel lennata, eksperimenteerida tehnikate ja v\u00e4ljendusviisidega, olla t\u00f5sine, aga teha ka nalja. Nali on parim kontseptsioon, on ta ise \u00f6elnud. Kuid kunstniku aed, eelk\u00f5ige tema t\u00e4navu tehtud aurut\u00f5kkepaberi tr\u00fckid meenutavad ka ps\u00fchhedeelset ehk droogide m\u00f5jul loodud kunstiteoseid. V\u00f5i teiste s\u00f5nadega, tema aed on s\u00f5ltuvuses, kuid mitte tavap\u00e4rastest meelem\u00fcrkidest, vaid tema enda m\u00f5nuainetest \u2013 loodusest, elust ja eelk\u00f5ige m\u00e4lestuspiltidest. Nii nagu v\u00e4ljapaneku k\u00f5ige varajasem teos, 1988. aastal loodud \u201eKahekesi\u201c (akr\u00fc\u00fcl) ilmekalt t\u00f5estab, ilmuvad samad motiivid kunstniku t\u00f6\u00f6desse ikka ja j\u00e4lle, et m\u00e4lestuspiltidest moodustada uusi fantaasiaid, oma paradiisiaedu.<\/p>\n<p>Lisainfo:<br \/>\nReet Varblane<br \/>\nGalerist<br \/>\nTel: +372 5565 5014<\/p>\n<p>Kersti Rattus<br \/>\n<a href=\"mailto:kersti.rattus@ut.ee\">kersti.rattus@ut.ee<\/a><\/p>\n","protected":false},"excerpt":{"rendered":"<p>Olete oodatud Kersti Rattuse n\u00e4ituse \u201eMuutuste aed\u201c avamisele Vabaduse galeriis reedel, 16. septembril kell 15. N\u00e4itus on avatud 17.09.\u201312.10.2022. Kersti Rattus on p\u00e4rit Tallinnast, ka kunstihariduse omandas ta Tallinnas kunstiakadeemias (siis ERKI) teatrikujunduse ja maalikunsti alal, kuid 1980. aastast on tema elu seotud Viljandiga. Ta t\u00f6\u00f6tas 1982\u20131984 Ugala teatris ja on 1995. aastast (algul kaks [&hellip;]<\/p>\n","protected":false},"author":1,"featured_media":2792,"comment_status":"closed","ping_status":"closed","sticky":false,"template":"","format":"standard","meta":{"_uag_custom_page_level_css":"","site-sidebar-layout":"default","site-content-layout":"default","ast-site-content-layout":"","site-content-style":"default","site-sidebar-style":"default","ast-global-header-display":"","ast-banner-title-visibility":"","ast-main-header-display":"","ast-hfb-above-header-display":"","ast-hfb-below-header-display":"","ast-hfb-mobile-header-display":"","site-post-title":"","ast-breadcrumbs-content":"","ast-featured-img":"","footer-sml-layout":"","theme-transparent-header-meta":"default","adv-header-id-meta":"","stick-header-meta":"","header-above-stick-meta":"","header-main-stick-meta":"","header-below-stick-meta":"","astra-migrate-meta-layouts":"default","ast-page-background-enabled":"default","ast-page-background-meta":{"desktop":{"background-color":"var(--ast-global-color-4)","background-image":"","background-repeat":"repeat","background-position":"center center","background-size":"auto","background-attachment":"scroll","background-type":"","background-media":"","overlay-type":"","overlay-color":"","overlay-opacity":"","overlay-gradient":""},"tablet":{"background-color":"","background-image":"","background-repeat":"repeat","background-position":"center center","background-size":"auto","background-attachment":"scroll","background-type":"","background-media":"","overlay-type":"","overlay-color":"","overlay-opacity":"","overlay-gradient":""},"mobile":{"background-color":"","background-image":"","background-repeat":"repeat","background-position":"center center","background-size":"auto","background-attachment":"scroll","background-type":"","background-media":"","overlay-type":"","overlay-color":"","overlay-opacity":"","overlay-gradient":""}},"ast-content-background-meta":{"desktop":{"background-color":"var(--ast-global-color-5)","background-image":"","background-repeat":"repeat","background-position":"center center","background-size":"auto","background-attachment":"scroll","background-type":"","background-media":"","overlay-type":"","overlay-color":"","overlay-opacity":"","overlay-gradient":""},"tablet":{"background-color":"var(--ast-global-color-5)","background-image":"","background-repeat":"repeat","background-position":"center center","background-size":"auto","background-attachment":"scroll","background-type":"","background-media":"","overlay-type":"","overlay-color":"","overlay-opacity":"","overlay-gradient":""},"mobile":{"background-color":"var(--ast-global-color-5)","background-image":"","background-repeat":"repeat","background-position":"center center","background-size":"auto","background-attachment":"scroll","background-type":"","background-media":"","overlay-type":"","overlay-color":"","overlay-opacity":"","overlay-gradient":""}},"footnotes":""},"categories":[30],"tags":[],"class_list":["post-2748","post","type-post","status-publish","format-standard","has-post-thumbnail","hentry","category-30"],"uagb_featured_image_src":{"full":["https:\/\/galerii.eaa.ee\/vabaduse\/wp-content\/uploads\/rattus.jpg",465,310,false],"thumbnail":["https:\/\/galerii.eaa.ee\/vabaduse\/wp-content\/uploads\/rattus-150x150.jpg",150,150,true],"medium":["https:\/\/galerii.eaa.ee\/vabaduse\/wp-content\/uploads\/rattus-300x200.jpg",300,200,true],"medium_large":["https:\/\/galerii.eaa.ee\/vabaduse\/wp-content\/uploads\/rattus.jpg",465,310,false],"large":["https:\/\/galerii.eaa.ee\/vabaduse\/wp-content\/uploads\/rattus.jpg",465,310,false],"1536x1536":["https:\/\/galerii.eaa.ee\/vabaduse\/wp-content\/uploads\/rattus.jpg",465,310,false],"2048x2048":["https:\/\/galerii.eaa.ee\/vabaduse\/wp-content\/uploads\/rattus.jpg",465,310,false]},"uagb_author_info":{"display_name":"vabadusegalerii","author_link":"https:\/\/galerii.eaa.ee\/vabaduse\/?author=1"},"uagb_comment_info":0,"uagb_excerpt":"Olete oodatud Kersti Rattuse n\u00e4ituse \u201eMuutuste aed\u201c avamisele Vabaduse galeriis reedel, 16. septembril kell 15. N\u00e4itus on avatud 17.09.\u201312.10.2022. Kersti Rattus on p\u00e4rit Tallinnast, ka kunstihariduse omandas ta Tallinnas kunstiakadeemias (siis ERKI) teatrikujunduse ja maalikunsti alal, kuid 1980. aastast on tema elu seotud Viljandiga. Ta t\u00f6\u00f6tas 1982\u20131984 Ugala teatris ja on 1995. aastast (algul kaks&hellip;","_links":{"self":[{"href":"https:\/\/galerii.eaa.ee\/vabaduse\/index.php?rest_route=\/wp\/v2\/posts\/2748","targetHints":{"allow":["GET"]}}],"collection":[{"href":"https:\/\/galerii.eaa.ee\/vabaduse\/index.php?rest_route=\/wp\/v2\/posts"}],"about":[{"href":"https:\/\/galerii.eaa.ee\/vabaduse\/index.php?rest_route=\/wp\/v2\/types\/post"}],"author":[{"embeddable":true,"href":"https:\/\/galerii.eaa.ee\/vabaduse\/index.php?rest_route=\/wp\/v2\/users\/1"}],"replies":[{"embeddable":true,"href":"https:\/\/galerii.eaa.ee\/vabaduse\/index.php?rest_route=%2Fwp%2Fv2%2Fcomments&post=2748"}],"version-history":[{"count":0,"href":"https:\/\/galerii.eaa.ee\/vabaduse\/index.php?rest_route=\/wp\/v2\/posts\/2748\/revisions"}],"wp:featuredmedia":[{"embeddable":true,"href":"https:\/\/galerii.eaa.ee\/vabaduse\/index.php?rest_route=\/wp\/v2\/media\/2792"}],"wp:attachment":[{"href":"https:\/\/galerii.eaa.ee\/vabaduse\/index.php?rest_route=%2Fwp%2Fv2%2Fmedia&parent=2748"}],"wp:term":[{"taxonomy":"category","embeddable":true,"href":"https:\/\/galerii.eaa.ee\/vabaduse\/index.php?rest_route=%2Fwp%2Fv2%2Fcategories&post=2748"},{"taxonomy":"post_tag","embeddable":true,"href":"https:\/\/galerii.eaa.ee\/vabaduse\/index.php?rest_route=%2Fwp%2Fv2%2Ftags&post=2748"}],"curies":[{"name":"wp","href":"https:\/\/api.w.org\/{rel}","templated":true}]}}