{"id":2754,"date":"2023-01-09T20:31:58","date_gmt":"2023-01-09T18:31:58","guid":{"rendered":"https:\/\/test.raplakunst.eu\/?p=2754"},"modified":"2023-04-26T12:45:14","modified_gmt":"2023-04-26T09:45:14","slug":"eve-kask-nahk-maletab-koike","status":"publish","type":"post","link":"https:\/\/galerii.eaa.ee\/vabaduse\/?p=2754","title":{"rendered":"Eve Kask. Nahk m\u00e4letab k\u00f5ike<h3><span class='sec'>14.11-14.12.2022<\/span><\/h3>"},"content":{"rendered":"\r\n<p><strong>Olete oodatud Eve Kase n\u00e4itusele \u201eNahk m\u00e4letab k\u00f5ike\u201c Vabaduse galeriis 14.11. \u201214.12.2022.<\/strong><\/p>\r\n\r\n\r\n\r\n<p>N\u00e4itusel \u201eNahk m\u00e4letab k\u00f5ike\u201c r\u00e4\u00e4gib Eve Kask naistest, nendevahelisest v\u00f5rgustikust ja eluj\u00f5ust. See on v\u00e4ga isiklik v\u00e4ljapanek, sest esitatu on valminud kunstniku enda l\u00e4bielamiste, kogemuste, kokkupuutumiste, r\u00f5\u00f5mude-murede p\u00f5hjal. Kuid seal t\u00f5statud k\u00fcsimused ei puuduta ainult teda v\u00f5i ka teisi \u00e4gedaid naisi \u2013 neid, kes teda on inspireerinud ja keda ta on n\u00e4itusesse kaasanud, vaid praegust, kriisidest kurnatud \u00fchiskonda laiemalt. Ehk siis v\u00e4ljapanek on hoolimisest ja hoidmisest ning isiklikust vastutusest iseenda ja oma l\u00e4hedaste ees.<\/p>\r\n\r\n\r\n\r\n<p>\u201eNahk m\u00e4letab k\u00f5ike\u201c on m\u00f5tteline j\u00e4rg Eve Kase 1998. aastal Tallinna Linnagaleriis toimunud isikun\u00e4itusele \u201e29 \u00bd\u201c.<br \/>K\u00f5ik n\u00e4itusel olevad teosed on uued, valminud 2022. aastal spetsiaalselt Vabaduse galerii n\u00e4ituse jaoks.<\/p>\r\n\r\n\r\n\r\n<p>Eve Kask l\u00f5petas 1984. aastal Eesti Kunstiakadeemia (ERKI) graafikaosakonna raamatukujundajana. 1980ndate keskpaigas hakkas ta esinema n\u00e4itustel, k\u00f5igepealt graafikaga; \u00f5ige pea lisandusid teised meediumid nagu fotograafia, video- ja installatsioon ning kunstnikuraamat. Praeguseks on Kasel olnud rohkem kui 30 isikun\u00e4itust Eestis ja v\u00e4lismaal, ta on kureerinud mitmeid v\u00e4ljapanekuid v\u00e4ljaspool Eestit.<br \/>Aastatel 1998\u20122014 oli Kask Tallinna Graafikatriennaali president. Praegu t\u00f6\u00f6tab ta Eesti Kunstiakadeemia graafikaosakonna \u00f5ppej\u00f5una ja on ajakirja Vikerkaar kunstitoimetaja.<\/p>\r\n\r\n\r\n\r\n<p>N\u00e4ituse kujundus: Delija Thakur<br \/>Teostus: Valge Kuup<br \/>Graafiline disain: Anna Kaarma<br \/>Elektroonika: Anna J\u00f5gi<br \/>Heli: Sebastian Saarem\u00e4e.<br \/>Palju t\u00e4nu: Eesti Kultuurkapital, Eesti Kunstiakadeemia, Digitr\u00fckk O\u00dc, Marika Mikli, Maris ja Tiit Pruuli, Johanna Rannu, Mats Johan Soosaar, Kaire Saarem\u00e4e ja k\u00f5ik naised, kes osalesid projektis.<\/p>\r\n\r\n\r\n\r\n<p>Galeriid toetavad <a href=\"http:\/\/kulka.ee\">Eesti Kultuurkapital<\/a>, Kultuuriministeerium, Liviko AS<\/p>\r\n\r\n\r\n\r\n<p>Lisainfo:<br \/>Reet Varblane, galerist<br \/>Tel: +372 5565 5014<\/p>\r\n\r\n\r\n\r\n<p>Eve Kask<br \/>E-post: <a href=\"mailto:kask.eve@gmail.com\">kask.eve@gmail.com<\/a><\/p>\r\n\r\n\r\n\r\n<p><a href=\"https:\/\/epl.delfi.ee\/artikkel\/120110340\/arvustus-kui-ainult-keegi-opetaks-elamist\" target=\"_blank\" rel=\"noopener\">Marika Agu. Kui ainult keegi \u00f5petaks elamist. \u2013 Eesti P\u00e4evaleht, 7. 12. 2022<\/a><\/p>\r\n<p>&nbsp;<\/p>\r\n<h3 class=\"wp-block-heading\">Vestlusring: vananemisest, vanadusest ja selle t\u00e4hendusest \u00fchiskonnas n\u00e4itusel \u201eNahk m\u00e4letab k\u00f5ike\u201c<\/h3>\r\n\r\n\r\n\r\n<p>29.11.2022<br \/><strong>Olete oodatud neljap\u00e4eval kell 16.00 Vabaduse galeriisse (Vabaduse v\u00e4ljak 6) l\u00fchikesele n\u00e4itusetuurile ja kell 16.30 algavale vestlusringile koos Katri-Evelin Kalausega ja Tiina Tambaumiga. Vestlusringis tuleb juttu vananemisest, vanadusest ja selle t\u00e4hendusest \u00fchiskonnas.<\/strong><\/p>\r\n\r\n\r\n\r\n<p>Katri-Evelin Kalaus on kliiniline ps\u00fchholoog ja ps\u00fchhoterapeut, kes t\u00f6\u00f6tab Ps\u00fchhiaatria ja Ps\u00fchhoteraapia Keskuses Sensus. <br \/>Tiina Tambaum on Tallinna \u00dclikooli teadur ja haridusgerontoloogia \u00f5ppej\u00f5ud.<\/p>\r\n\r\n\r\n\r\n<p>Vestlust juhib galerist ja kunstiteadlane Reet Varblane.<br \/>N\u00e4ituse info: <a href=\"https:\/\/fb.me\/e\/2HomtjmK2\">https:\/\/fb.me\/e\/2HomtjmK2<\/a><\/p>\r\n\r\n\r\n\r\n<h3 class=\"wp-block-heading\">Ingelise Israel, Kristjan Port ja Linnar Viik k\u00f5nelevad Eve Kase n\u00e4itusel<\/h3>\r\n\r\n\r\n\r\n<p>07.12.2022<br \/><strong>Olete oodatud neljap\u00e4eval, 8. detsembril kell 17 Vabaduse galeriisse (Vabaduse v\u00e4ljak 6) n\u00e4itusetuurile ja kell 17.30 algavasse vestlusringi koos Ingelise Israeli, Kristjan Pordi ja Linnar Viigiga.<\/strong><\/p>\r\n\r\n\r\n\r\n<p>Ingelise Israel on treener ja koolitaja, n\u00f5ustaja ja holistilise regressiooni terapeut, Kristjan Port on tervisek\u00e4itumise ja spordibioloogia professor Tallinna \u00dclikoolis ning Linnar Viik on digitehnoloogia anal\u00fc\u00fctik ja IT-vision\u00e4\u00e4r.<br \/>Vestlusring j\u00e4tkab n\u00e4dalataguse teemaga vananemisest ja vanuse tajutavast t\u00e4hendusest, aga vaatab ka tulevikku. Muuhulgas k\u00fcsime, mida digimaailmal on tulevikus inimestele pakkuda ja kuidas masinad v\u00f5ivad aidata inimesi nende hakkama saamises, suhtlemises ja \u00fcksinduses. \u00dcritame vaadata inimeseksolemise s\u00fcgavamatesse kihtidesse l\u00e4bi kogu elukaare ja vaadata, mida nahk eluetappides endaga kaasas kannab.<\/p>\r\n\r\n\r\n\r\n<p>Eve Kase n\u00e4itus \u201eNahk m\u00e4letab k\u00f5ike\u201c on hoolimisest ja hoidmisest ning vastutusest iseenda, oma l\u00e4hedaste ja \u00fchiskonna ees. Kunstnik v\u00f5tnud vaatluse alla naised, neid \u00fchendavad v\u00f5rgustikud ja eluj\u00f5u. See on v\u00e4ga isiklik v\u00e4ljapanek, sest esitatu on valminud kunstniku l\u00e4bielamiste, kogemuste, kokkupuutumiste, r\u00f5\u00f5mude-murede p\u00f5hjal. Kuid seal t\u00f5statud k\u00fcsimused ei puuduta ainult teda v\u00f5i ka teisi \u00e4gedaid naisi \u2013 neid, kes teda on inspireerinud ja keda ta on n\u00e4itusesse kaasanud \u2013, vaid praegust, kriisidest kurnatud \u00fchiskonda laiemalt. Tegemist on ruumiinstallatsiooniga, mis on valminud Vabaduse galerii tarvis. Installatsiooni kesksed kujundid \u2013 rullraamatutena esitatud kudumid kui niidistik, esivanemaid meenutav taevakaart, kompassina p\u00f6\u00f6rlevad seitlid \u2013 toetavad \u00fcldteada ideed, et \u00fchenduses peitub j\u00f5ud, mida aga individualistlikus edule \u00fcles ehitatud sootsiumis unustama kiputakse ning seet\u00f5ttu on vaja ikka ja uuesti \u00fcle korrata.<br \/>\u201eNahk m\u00e4letab k\u00f5ike\u201c on m\u00f5tteline j\u00e4rg Eve Kase 1998. aastal Tallinna Linnagaleriis toimunud isikun\u00e4itusele \u201e29 \u00bd\u201c. \u00dche seose v\u00f5i vihje annavad kaksk\u00fcmmend \u00fcheksa ja pool joonistust, teise pesa, kuhu on kogutud kaseoksad, mida kunstniku maja kohal k\u00f5rguvad kased on aasta jooksul langetanud. See osutab looduse v\u00f5rgustikule, kuhu sulandumine on kunstnikule j\u00e4rjest t\u00e4htsamaks saanud.<br \/>V\u00e4ljapaneku kujundaja on Delija Thakur, graafiline disainer Anna Kaarma, teostaja Valge Kuup, elektroonilised lahendused teinud Anna J\u00f5gi ja heli komponeerinud Sebastian Saarem\u00e4e.<\/p>\r\n","protected":false},"excerpt":{"rendered":"<p>Olete oodatud Eve Kase n\u00e4itusele \u201eNahk m\u00e4letab k\u00f5ike\u201c Vabaduse galeriis 14.11. \u201214.12.2022. N\u00e4itusel \u201eNahk m\u00e4letab k\u00f5ike\u201c r\u00e4\u00e4gib Eve Kask naistest, nendevahelisest v\u00f5rgustikust ja eluj\u00f5ust. See on v\u00e4ga isiklik v\u00e4ljapanek, sest esitatu on valminud kunstniku enda l\u00e4bielamiste, kogemuste, kokkupuutumiste, r\u00f5\u00f5mude-murede p\u00f5hjal. Kuid seal t\u00f5statud k\u00fcsimused ei puuduta ainult teda v\u00f5i ka teisi \u00e4gedaid naisi \u2013 neid, [&hellip;]<\/p>\n","protected":false},"author":1,"featured_media":2768,"comment_status":"closed","ping_status":"closed","sticky":false,"template":"","format":"standard","meta":{"_uag_custom_page_level_css":"","site-sidebar-layout":"default","site-content-layout":"default","ast-site-content-layout":"","site-content-style":"default","site-sidebar-style":"default","ast-global-header-display":"","ast-banner-title-visibility":"","ast-main-header-display":"","ast-hfb-above-header-display":"","ast-hfb-below-header-display":"","ast-hfb-mobile-header-display":"","site-post-title":"","ast-breadcrumbs-content":"","ast-featured-img":"","footer-sml-layout":"","theme-transparent-header-meta":"default","adv-header-id-meta":"","stick-header-meta":"","header-above-stick-meta":"","header-main-stick-meta":"","header-below-stick-meta":"","astra-migrate-meta-layouts":"default","ast-page-background-enabled":"default","ast-page-background-meta":{"desktop":{"background-color":"var(--ast-global-color-4)","background-image":"","background-repeat":"repeat","background-position":"center center","background-size":"auto","background-attachment":"scroll","background-type":"","background-media":"","overlay-type":"","overlay-color":"","overlay-opacity":"","overlay-gradient":""},"tablet":{"background-color":"","background-image":"","background-repeat":"repeat","background-position":"center center","background-size":"auto","background-attachment":"scroll","background-type":"","background-media":"","overlay-type":"","overlay-color":"","overlay-opacity":"","overlay-gradient":""},"mobile":{"background-color":"","background-image":"","background-repeat":"repeat","background-position":"center center","background-size":"auto","background-attachment":"scroll","background-type":"","background-media":"","overlay-type":"","overlay-color":"","overlay-opacity":"","overlay-gradient":""}},"ast-content-background-meta":{"desktop":{"background-color":"var(--ast-global-color-5)","background-image":"","background-repeat":"repeat","background-position":"center center","background-size":"auto","background-attachment":"scroll","background-type":"","background-media":"","overlay-type":"","overlay-color":"","overlay-opacity":"","overlay-gradient":""},"tablet":{"background-color":"var(--ast-global-color-5)","background-image":"","background-repeat":"repeat","background-position":"center center","background-size":"auto","background-attachment":"scroll","background-type":"","background-media":"","overlay-type":"","overlay-color":"","overlay-opacity":"","overlay-gradient":""},"mobile":{"background-color":"var(--ast-global-color-5)","background-image":"","background-repeat":"repeat","background-position":"center center","background-size":"auto","background-attachment":"scroll","background-type":"","background-media":"","overlay-type":"","overlay-color":"","overlay-opacity":"","overlay-gradient":""}},"footnotes":""},"categories":[30],"tags":[],"class_list":["post-2754","post","type-post","status-publish","format-standard","has-post-thumbnail","hentry","category-30"],"uagb_featured_image_src":{"full":["https:\/\/galerii.eaa.ee\/vabaduse\/wp-content\/uploads\/kask.jpg",465,310,false],"thumbnail":["https:\/\/galerii.eaa.ee\/vabaduse\/wp-content\/uploads\/kask-150x150.jpg",150,150,true],"medium":["https:\/\/galerii.eaa.ee\/vabaduse\/wp-content\/uploads\/kask-300x200.jpg",300,200,true],"medium_large":["https:\/\/galerii.eaa.ee\/vabaduse\/wp-content\/uploads\/kask.jpg",465,310,false],"large":["https:\/\/galerii.eaa.ee\/vabaduse\/wp-content\/uploads\/kask.jpg",465,310,false],"1536x1536":["https:\/\/galerii.eaa.ee\/vabaduse\/wp-content\/uploads\/kask.jpg",465,310,false],"2048x2048":["https:\/\/galerii.eaa.ee\/vabaduse\/wp-content\/uploads\/kask.jpg",465,310,false]},"uagb_author_info":{"display_name":"vabadusegalerii","author_link":"https:\/\/galerii.eaa.ee\/vabaduse\/?author=1"},"uagb_comment_info":0,"uagb_excerpt":"Olete oodatud Eve Kase n\u00e4itusele \u201eNahk m\u00e4letab k\u00f5ike\u201c Vabaduse galeriis 14.11. \u201214.12.2022. N\u00e4itusel \u201eNahk m\u00e4letab k\u00f5ike\u201c r\u00e4\u00e4gib Eve Kask naistest, nendevahelisest v\u00f5rgustikust ja eluj\u00f5ust. See on v\u00e4ga isiklik v\u00e4ljapanek, sest esitatu on valminud kunstniku enda l\u00e4bielamiste, kogemuste, kokkupuutumiste, r\u00f5\u00f5mude-murede p\u00f5hjal. Kuid seal t\u00f5statud k\u00fcsimused ei puuduta ainult teda v\u00f5i ka teisi \u00e4gedaid naisi \u2013 neid,&hellip;","_links":{"self":[{"href":"https:\/\/galerii.eaa.ee\/vabaduse\/index.php?rest_route=\/wp\/v2\/posts\/2754","targetHints":{"allow":["GET"]}}],"collection":[{"href":"https:\/\/galerii.eaa.ee\/vabaduse\/index.php?rest_route=\/wp\/v2\/posts"}],"about":[{"href":"https:\/\/galerii.eaa.ee\/vabaduse\/index.php?rest_route=\/wp\/v2\/types\/post"}],"author":[{"embeddable":true,"href":"https:\/\/galerii.eaa.ee\/vabaduse\/index.php?rest_route=\/wp\/v2\/users\/1"}],"replies":[{"embeddable":true,"href":"https:\/\/galerii.eaa.ee\/vabaduse\/index.php?rest_route=%2Fwp%2Fv2%2Fcomments&post=2754"}],"version-history":[{"count":3,"href":"https:\/\/galerii.eaa.ee\/vabaduse\/index.php?rest_route=\/wp\/v2\/posts\/2754\/revisions"}],"predecessor-version":[{"id":4699,"href":"https:\/\/galerii.eaa.ee\/vabaduse\/index.php?rest_route=\/wp\/v2\/posts\/2754\/revisions\/4699"}],"wp:featuredmedia":[{"embeddable":true,"href":"https:\/\/galerii.eaa.ee\/vabaduse\/index.php?rest_route=\/wp\/v2\/media\/2768"}],"wp:attachment":[{"href":"https:\/\/galerii.eaa.ee\/vabaduse\/index.php?rest_route=%2Fwp%2Fv2%2Fmedia&parent=2754"}],"wp:term":[{"taxonomy":"category","embeddable":true,"href":"https:\/\/galerii.eaa.ee\/vabaduse\/index.php?rest_route=%2Fwp%2Fv2%2Fcategories&post=2754"},{"taxonomy":"post_tag","embeddable":true,"href":"https:\/\/galerii.eaa.ee\/vabaduse\/index.php?rest_route=%2Fwp%2Fv2%2Ftags&post=2754"}],"curies":[{"name":"wp","href":"https:\/\/api.w.org\/{rel}","templated":true}]}}