{"id":3506,"date":"2023-01-14T22:11:59","date_gmt":"2023-01-14T20:11:59","guid":{"rendered":"https:\/\/test.raplakunst.eu\/?p=3506"},"modified":"2024-01-10T17:08:59","modified_gmt":"2024-01-10T15:08:59","slug":"elo-liiv","status":"publish","type":"post","link":"https:\/\/galerii.eaa.ee\/vabaduse\/?p=3506","title":{"rendered":"Elo Liiv. Maailma p\u00e4\u00e4stja<h3><span class='sec'>22.06-19.07.2023<\/span><\/h3>"},"content":{"rendered":"\n<p><strong>Olete oodatud Elo Liivi n\u00e4itusele \u201eMaailma p\u00e4\u00e4stja\u201c Vabaduse galeriis.<\/strong><br>N\u00e4itus on avatud 27.06.\u201319.07., erandkorras on avatud ka p\u00fchap\u00e4evadel, 9. ja 16. juulil. N\u00e4ituse viimasel p\u00e4eval, 19. 07 algusega kell 17 on kohtumine kunstnikuga ja ka n\u00e4ituse pidulik l\u00f5petamine.<\/p>\n\n\n\n<p>Elo Liiv on meie kunstielus osalenud rohkem kui 35 aastat. Ta alustas klassikalise skulptuuriga ja j\u00e4rkj\u00e4rgult on \u00fcle l\u00e4inud installatiivsetele lahendustele ja mitmesuguste meediumite kasutamisele. Elo Liiv on koos kunstiakadeemia \u00fcli\u00f5pilastega teinud aastaid avalikku ruumi valguskunsti objekte, ta olnud Tartu valguskunsti festivali kunstiline juht, kureerinud Kohila l\u00e4hedal keskkonnakunsti s\u00fcmpoosioni, 2023\u20132026 esindab ta Eestit rahvusvahelises m\u00e4rgalade kunstiresidentuuris Waterlands.<br><br>Viimastel aastatel on kunstnikku huvitanud eelk\u00f5ige keskkond ja inimese suhe sellega, kuid tema t\u00f6\u00f6dest ei puudu ka inimese ja inimese suhe, sest Elo Liiv n\u00e4eb maailma tervikuna. Vabaduse galerii n\u00e4itus \u201eMaailma p\u00e4\u00e4stja\u201c koosneb kolmest installatsioonist. \u201eMa ise olen s\u00fc\u00fcdi\u201c valmis 2020. aastal ja v\u00e4givaldseid suhteid k\u00e4sitlevat videoinstallatsiooni v\u00f5is n\u00e4ha isikun\u00e4itustel Tartus, Viljandis ja P\u00e4rnus. Videoinstallatsioon \u201eP\u00e4\u00e4ster\u00f5ngas\u201c valmis eelmisel aastal ja seda v\u00f5ib vaadata kui l\u00e4bim\u00f5tlemata p\u00e4\u00e4stmisaktsiooni, mis ei aita ei p\u00e4\u00e4stetavat ega ka p\u00e4\u00e4stjat. Installatsioon \u201eMaailma p\u00e4\u00e4stja\u201c valmis selleks n\u00e4ituseks ja siingi painab kunstnikku k\u00fcsimus, kas on v\u00f5imalik p\u00e4\u00e4sta maailma ilma seda v\u00f5i ennast h\u00e4vitamata ning kuidas seda teha.<br><br>Kunstnik ise on v\u00f5tnud oma n\u00e4ituse kokku: \u201ePlaneet Maa vajab rohkem kui kunagi varem p\u00e4\u00e4stmist k\u00f5ikidest inimkonna vastutustundetuse t\u00f5ttu tekkinud jamadest. Naftareostus, lageraided, \u00f5husaaste, plast v\u00f5i meie vette sattunud m\u00fcrgised kemikaalid, monokultuuride v\u00f5iduk\u00e4ik, v\u00e4\u00e4rarenguid tekitavad aretused, \u00f6kos\u00fcsteemide kollapsid \u2013 nimekiri on l\u00f5putu. Meie eksistentsi nimel tehtavad sammud on kui igap\u00e4evased v\u00e4givallaaktid, millele aegajalt j\u00e4rgnevad s\u00fc\u00fcmepiinade v\u00e4ltimiseks tehtavad saamatud ja fiaskoga l\u00f5ppevad p\u00fc\u00fcded. Meie maailma v\u00f5i ka iseenese p\u00e4\u00e4stmine n\u00e4eb v\u00e4lja kui graniidist p\u00e4\u00e4ster\u00f5nga vise appih\u00fc\u00fcdjale vees.Kuni me ei tegele kuritarvitaja \u00e4ratundmisega iseendas, oma suhetes, kollektiivides, me vaid t\u00f5stame uppuja \u00fcmber olevat vett. Suur osa sellest \u201egraniidist\u201c on inimese jumalik oskus n\u00e4ha valikuliselt ja transformeerida m\u00f5tteliselt k\u00f5ik ebameeldiv heaks v\u00f5i hea ebameeldivaks. See on kaheteralise m\u00f5\u00f5ga kaks poolt, mis loob eelduse ka (l\u00e4hisuhte) v\u00e4givalla tekkeks. Oma (\u00f6koloogiliste) jalaj\u00e4lgede \u00fcmber oleva maa madalamaks rullimine ei aita kuidagi kaasa paremate suhete v\u00f5i elukeskkonna tekkimisele. Kuidas p\u00e4\u00e4sta maailma ilma seda v\u00f5i ennast h\u00e4vitamata, selles on k\u00fcsimus.\u201c<\/p>\n\n\n\n<p>Galeriid toetavad Kultuuriministeerium, Eesti Kultuurkapital ja Liviko AS.<br><br>Lisainfo:<br>Reet Varblane<br>Galerist<br>Tel: +372 5565 5014<\/p>\n\n\n\n<p>Elo Liiv,<br>Tel: +372 5698 4477<\/p>\n","protected":false},"excerpt":{"rendered":"<p>Olete oodatud Elo Liivi n\u00e4itusele \u201eMaailma p\u00e4\u00e4stja\u201c Vabaduse galeriis.N\u00e4itus on avatud 27.06.\u201319.07., erandkorras on avatud ka p\u00fchap\u00e4evadel, 9. ja 16. juulil. N\u00e4ituse viimasel p\u00e4eval, 19. 07 algusega kell 17 on kohtumine kunstnikuga ja ka n\u00e4ituse pidulik l\u00f5petamine. Elo Liiv on meie kunstielus osalenud rohkem kui 35 aastat. Ta alustas klassikalise skulptuuriga ja j\u00e4rkj\u00e4rgult on \u00fcle [&hellip;]<\/p>\n","protected":false},"author":1,"featured_media":4752,"comment_status":"closed","ping_status":"closed","sticky":false,"template":"","format":"standard","meta":{"_uag_custom_page_level_css":"","site-sidebar-layout":"default","site-content-layout":"default","ast-site-content-layout":"default","site-content-style":"default","site-sidebar-style":"default","ast-global-header-display":"","ast-banner-title-visibility":"","ast-main-header-display":"","ast-hfb-above-header-display":"","ast-hfb-below-header-display":"","ast-hfb-mobile-header-display":"","site-post-title":"","ast-breadcrumbs-content":"","ast-featured-img":"","footer-sml-layout":"","theme-transparent-header-meta":"default","adv-header-id-meta":"","stick-header-meta":"","header-above-stick-meta":"","header-main-stick-meta":"","header-below-stick-meta":"","astra-migrate-meta-layouts":"set","ast-page-background-enabled":"default","ast-page-background-meta":{"desktop":{"background-color":"var(--ast-global-color-4)","background-image":"","background-repeat":"repeat","background-position":"center center","background-size":"auto","background-attachment":"scroll","background-type":"","background-media":"","overlay-type":"","overlay-color":"","overlay-opacity":"","overlay-gradient":""},"tablet":{"background-color":"","background-image":"","background-repeat":"repeat","background-position":"center center","background-size":"auto","background-attachment":"scroll","background-type":"","background-media":"","overlay-type":"","overlay-color":"","overlay-opacity":"","overlay-gradient":""},"mobile":{"background-color":"","background-image":"","background-repeat":"repeat","background-position":"center center","background-size":"auto","background-attachment":"scroll","background-type":"","background-media":"","overlay-type":"","overlay-color":"","overlay-opacity":"","overlay-gradient":""}},"ast-content-background-meta":{"desktop":{"background-color":"var(--ast-global-color-5)","background-image":"","background-repeat":"repeat","background-position":"center center","background-size":"auto","background-attachment":"scroll","background-type":"","background-media":"","overlay-type":"","overlay-color":"","overlay-opacity":"","overlay-gradient":""},"tablet":{"background-color":"var(--ast-global-color-5)","background-image":"","background-repeat":"repeat","background-position":"center center","background-size":"auto","background-attachment":"scroll","background-type":"","background-media":"","overlay-type":"","overlay-color":"","overlay-opacity":"","overlay-gradient":""},"mobile":{"background-color":"var(--ast-global-color-5)","background-image":"","background-repeat":"repeat","background-position":"center center","background-size":"auto","background-attachment":"scroll","background-type":"","background-media":"","overlay-type":"","overlay-color":"","overlay-opacity":"","overlay-gradient":""}},"footnotes":""},"categories":[32],"tags":[],"class_list":["post-3506","post","type-post","status-publish","format-standard","has-post-thumbnail","hentry","category-32"],"uagb_featured_image_src":{"full":["https:\/\/galerii.eaa.ee\/vabaduse\/wp-content\/uploads\/elo.liiv_fofo_am.liivrand_2023_13_w.jpg",1417,803,false],"thumbnail":["https:\/\/galerii.eaa.ee\/vabaduse\/wp-content\/uploads\/elo.liiv_fofo_am.liivrand_2023_13_w-150x150.jpg",150,150,true],"medium":["https:\/\/galerii.eaa.ee\/vabaduse\/wp-content\/uploads\/elo.liiv_fofo_am.liivrand_2023_13_w-300x170.jpg",300,170,true],"medium_large":["https:\/\/galerii.eaa.ee\/vabaduse\/wp-content\/uploads\/elo.liiv_fofo_am.liivrand_2023_13_w-768x435.jpg",768,435,true],"large":["https:\/\/galerii.eaa.ee\/vabaduse\/wp-content\/uploads\/elo.liiv_fofo_am.liivrand_2023_13_w-1024x580.jpg",1024,580,true],"1536x1536":["https:\/\/galerii.eaa.ee\/vabaduse\/wp-content\/uploads\/elo.liiv_fofo_am.liivrand_2023_13_w.jpg",1417,803,false],"2048x2048":["https:\/\/galerii.eaa.ee\/vabaduse\/wp-content\/uploads\/elo.liiv_fofo_am.liivrand_2023_13_w.jpg",1417,803,false]},"uagb_author_info":{"display_name":"vabadusegalerii","author_link":"https:\/\/galerii.eaa.ee\/vabaduse\/?author=1"},"uagb_comment_info":0,"uagb_excerpt":"Olete oodatud Elo Liivi n\u00e4itusele \u201eMaailma p\u00e4\u00e4stja\u201c Vabaduse galeriis.N\u00e4itus on avatud 27.06.\u201319.07., erandkorras on avatud ka p\u00fchap\u00e4evadel, 9. ja 16. juulil. N\u00e4ituse viimasel p\u00e4eval, 19. 07 algusega kell 17 on kohtumine kunstnikuga ja ka n\u00e4ituse pidulik l\u00f5petamine. Elo Liiv on meie kunstielus osalenud rohkem kui 35 aastat. Ta alustas klassikalise skulptuuriga ja j\u00e4rkj\u00e4rgult on \u00fcle&hellip;","_links":{"self":[{"href":"https:\/\/galerii.eaa.ee\/vabaduse\/index.php?rest_route=\/wp\/v2\/posts\/3506","targetHints":{"allow":["GET"]}}],"collection":[{"href":"https:\/\/galerii.eaa.ee\/vabaduse\/index.php?rest_route=\/wp\/v2\/posts"}],"about":[{"href":"https:\/\/galerii.eaa.ee\/vabaduse\/index.php?rest_route=\/wp\/v2\/types\/post"}],"author":[{"embeddable":true,"href":"https:\/\/galerii.eaa.ee\/vabaduse\/index.php?rest_route=\/wp\/v2\/users\/1"}],"replies":[{"embeddable":true,"href":"https:\/\/galerii.eaa.ee\/vabaduse\/index.php?rest_route=%2Fwp%2Fv2%2Fcomments&post=3506"}],"version-history":[{"count":2,"href":"https:\/\/galerii.eaa.ee\/vabaduse\/index.php?rest_route=\/wp\/v2\/posts\/3506\/revisions"}],"predecessor-version":[{"id":4730,"href":"https:\/\/galerii.eaa.ee\/vabaduse\/index.php?rest_route=\/wp\/v2\/posts\/3506\/revisions\/4730"}],"wp:featuredmedia":[{"embeddable":true,"href":"https:\/\/galerii.eaa.ee\/vabaduse\/index.php?rest_route=\/wp\/v2\/media\/4752"}],"wp:attachment":[{"href":"https:\/\/galerii.eaa.ee\/vabaduse\/index.php?rest_route=%2Fwp%2Fv2%2Fmedia&parent=3506"}],"wp:term":[{"taxonomy":"category","embeddable":true,"href":"https:\/\/galerii.eaa.ee\/vabaduse\/index.php?rest_route=%2Fwp%2Fv2%2Fcategories&post=3506"},{"taxonomy":"post_tag","embeddable":true,"href":"https:\/\/galerii.eaa.ee\/vabaduse\/index.php?rest_route=%2Fwp%2Fv2%2Ftags&post=3506"}],"curies":[{"name":"wp","href":"https:\/\/api.w.org\/{rel}","templated":true}]}}