{"id":3514,"date":"2023-01-14T22:15:34","date_gmt":"2023-01-14T20:15:34","guid":{"rendered":"https:\/\/test.raplakunst.eu\/?p=3514"},"modified":"2024-01-10T12:57:33","modified_gmt":"2024-01-10T10:57:33","slug":"evelin-zolotko","status":"publish","type":"post","link":"https:\/\/galerii.eaa.ee\/vabaduse\/?p=3514","title":{"rendered":"Evelin Zolotko. Macondo<h3><span class='sec'>15.09-11.10.2023<\/span><\/h3>"},"content":{"rendered":"\n<p><strong>Olete oodatud Evelin Zolotko n\u00e4ituse \u201eMacondo\u201c avamisele Vabaduse galeriis reedel, 15. septembril kell 18. N\u00e4itus on avatud 15.09.\u201311.10.2023.<\/strong><\/p>\n\n\n\n<p>\u201eAga juba enne, kui ta l\u00f5puv\u00e4rsini j\u00f5udis, oli talle selge, et ta ei p\u00e4\u00e4se iial sellest toast, sest on ette m\u00e4\u00e4ratud, et tuul p\u00fchib peeglite (v\u00f5i \u00f5hupeegelduste) linna maa pealt ja kustutab ta inimeste m\u00e4lust samal hetkel, mil Aureliano Buendia l\u00f5plikult de\u0161ifreerib p\u00e4rgamendid, ja et k\u00f5ik nendes kirjapandu on igavesest ajast igavesti kordumatu, sest sajaastasele \u00fcksildusele m\u00e4\u00e4ratud suguv\u00f5sadele pole teist korda antud maa peal elada.\u201c<\/p>\n\n\n\n<p><em>Gabriel Garc\u00eda M\u00e1rquez, \u201eSada aastat \u00fcksildust\u201c<\/em><\/p>\n\n\n\n<p>Seeria Macondo koosneb arhitektuurilistest maalidest, kus esikohal on r\u00fctm ja pind. Teoste<br>pealkirjad on p\u00e4rit Gabriel Garc\u00eda M\u00e1rquezi romaanist \u201eSada aastat \u00fcksildust\u201d ja on justkui tegelaskujude isikuomaduste v\u00f5i isegi saatuste portreed.&nbsp;<\/p>\n\n\n\n<p>Nendest kokku moodustub Macondo \u2013 linn, kus jutustatav tegevus l\u00e4bi seitsme p\u00f5lvkonna aset leiab. Nii nagu muutub vaadeldav isik vastavalt sellele, kes ja kuidas teda vaatleb, nii muutub ka arhitektuur vastavalt asukohale, kellaajale ja ilmale, ainult et arhitektuur saab olla ideaalne, inimesed pole seda aga kunagi. Veelgi enam &#8211; Macondo tegelased on kohati vigade etalonid, olles samas t\u00e4iesti armastusv\u00e4\u00e4rsed ja m\u00f5istetavad oma pahede, obsessioonide ja valede valikute taustal.<\/p>\n\n\n\n<p>\u201eElus pole oluline mitte see, mis sinuga juhtub, vaid see, mida m\u00e4letad ja kuidas seda m\u00e4letad.\u201c<\/p>\n\n\n\n<p><em>Gabriel Garcia Marquez<\/em><\/p>\n\n\n\n<p>Evelin Zolotko (1982) on l\u00f5petanud K\u00f5rgema Kunstikooli Pallas (2008) ja Tartu \u00dclikooli maaliosakonna (MA, 2012), n\u00e4itustel esineb alates 2005. aastast. 2016. aastal p\u00e4lvis ta Ado Vabbe preemia maaliseeria \u201ePlat Principal\u201d eest. Ta on Tartu Kunstnike Liidu liige.<\/p>\n\n\n\n<p>N\u00e4ituseid Vabaduse galeriis toetavad Eesti Kultuuriministeerium, Eesti Kultuurkapital ja Liviko AS. &nbsp;<br><br>Lisainfo:<br>Reet Varblane<br>Galerist<br>Tel: +372 5565 5014<\/p>\n\n\n\n<p>Evelin Zolotko<br>Tel: +372 5569 4848<br>E-post:&nbsp;<a href=\"mailto:evelin.zolotko@gmail.com\">evelin.zolotko@gmail.com<\/a><\/p>\n","protected":false},"excerpt":{"rendered":"<p>Olete oodatud Evelin Zolotko n\u00e4ituse \u201eMacondo\u201c avamisele Vabaduse galeriis reedel, 15. septembril kell 18. N\u00e4itus on avatud 15.09.\u201311.10.2023. \u201eAga juba enne, kui ta l\u00f5puv\u00e4rsini j\u00f5udis, oli talle selge, et ta ei p\u00e4\u00e4se iial sellest toast, sest on ette m\u00e4\u00e4ratud, et tuul p\u00fchib peeglite (v\u00f5i \u00f5hupeegelduste) linna maa pealt ja kustutab ta inimeste m\u00e4lust samal hetkel, [&hellip;]<\/p>\n","protected":false},"author":1,"featured_media":4717,"comment_status":"closed","ping_status":"closed","sticky":false,"template":"","format":"standard","meta":{"_uag_custom_page_level_css":"","site-sidebar-layout":"default","site-content-layout":"default","ast-site-content-layout":"default","site-content-style":"default","site-sidebar-style":"default","ast-global-header-display":"","ast-banner-title-visibility":"","ast-main-header-display":"","ast-hfb-above-header-display":"","ast-hfb-below-header-display":"","ast-hfb-mobile-header-display":"","site-post-title":"","ast-breadcrumbs-content":"","ast-featured-img":"","footer-sml-layout":"","theme-transparent-header-meta":"default","adv-header-id-meta":"","stick-header-meta":"","header-above-stick-meta":"","header-main-stick-meta":"","header-below-stick-meta":"","astra-migrate-meta-layouts":"set","ast-page-background-enabled":"default","ast-page-background-meta":{"desktop":{"background-color":"var(--ast-global-color-4)","background-image":"","background-repeat":"repeat","background-position":"center center","background-size":"auto","background-attachment":"scroll","background-type":"","background-media":"","overlay-type":"","overlay-color":"","overlay-opacity":"","overlay-gradient":""},"tablet":{"background-color":"","background-image":"","background-repeat":"repeat","background-position":"center center","background-size":"auto","background-attachment":"scroll","background-type":"","background-media":"","overlay-type":"","overlay-color":"","overlay-opacity":"","overlay-gradient":""},"mobile":{"background-color":"","background-image":"","background-repeat":"repeat","background-position":"center center","background-size":"auto","background-attachment":"scroll","background-type":"","background-media":"","overlay-type":"","overlay-color":"","overlay-opacity":"","overlay-gradient":""}},"ast-content-background-meta":{"desktop":{"background-color":"var(--ast-global-color-5)","background-image":"","background-repeat":"repeat","background-position":"center center","background-size":"auto","background-attachment":"scroll","background-type":"","background-media":"","overlay-type":"","overlay-color":"","overlay-opacity":"","overlay-gradient":""},"tablet":{"background-color":"var(--ast-global-color-5)","background-image":"","background-repeat":"repeat","background-position":"center center","background-size":"auto","background-attachment":"scroll","background-type":"","background-media":"","overlay-type":"","overlay-color":"","overlay-opacity":"","overlay-gradient":""},"mobile":{"background-color":"var(--ast-global-color-5)","background-image":"","background-repeat":"repeat","background-position":"center center","background-size":"auto","background-attachment":"scroll","background-type":"","background-media":"","overlay-type":"","overlay-color":"","overlay-opacity":"","overlay-gradient":""}},"footnotes":""},"categories":[32],"tags":[],"class_list":["post-3514","post","type-post","status-publish","format-standard","has-post-thumbnail","hentry","category-32"],"uagb_featured_image_src":{"full":["https:\/\/galerii.eaa.ee\/vabaduse\/wp-content\/uploads\/FB_pais_event_macondo-01.jpeg",2400,1256,false],"thumbnail":["https:\/\/galerii.eaa.ee\/vabaduse\/wp-content\/uploads\/FB_pais_event_macondo-01-150x150.jpeg",150,150,true],"medium":["https:\/\/galerii.eaa.ee\/vabaduse\/wp-content\/uploads\/FB_pais_event_macondo-01-300x157.jpeg",300,157,true],"medium_large":["https:\/\/galerii.eaa.ee\/vabaduse\/wp-content\/uploads\/FB_pais_event_macondo-01-768x402.jpeg",768,402,true],"large":["https:\/\/galerii.eaa.ee\/vabaduse\/wp-content\/uploads\/FB_pais_event_macondo-01-1024x536.jpeg",1024,536,true],"1536x1536":["https:\/\/galerii.eaa.ee\/vabaduse\/wp-content\/uploads\/FB_pais_event_macondo-01-1536x804.jpeg",1536,804,true],"2048x2048":["https:\/\/galerii.eaa.ee\/vabaduse\/wp-content\/uploads\/FB_pais_event_macondo-01-2048x1072.jpeg",2048,1072,true]},"uagb_author_info":{"display_name":"vabadusegalerii","author_link":"https:\/\/galerii.eaa.ee\/vabaduse\/?author=1"},"uagb_comment_info":0,"uagb_excerpt":"Olete oodatud Evelin Zolotko n\u00e4ituse \u201eMacondo\u201c avamisele Vabaduse galeriis reedel, 15. septembril kell 18. N\u00e4itus on avatud 15.09.\u201311.10.2023. \u201eAga juba enne, kui ta l\u00f5puv\u00e4rsini j\u00f5udis, oli talle selge, et ta ei p\u00e4\u00e4se iial sellest toast, sest on ette m\u00e4\u00e4ratud, et tuul p\u00fchib peeglite (v\u00f5i \u00f5hupeegelduste) linna maa pealt ja kustutab ta inimeste m\u00e4lust samal hetkel,&hellip;","_links":{"self":[{"href":"https:\/\/galerii.eaa.ee\/vabaduse\/index.php?rest_route=\/wp\/v2\/posts\/3514","targetHints":{"allow":["GET"]}}],"collection":[{"href":"https:\/\/galerii.eaa.ee\/vabaduse\/index.php?rest_route=\/wp\/v2\/posts"}],"about":[{"href":"https:\/\/galerii.eaa.ee\/vabaduse\/index.php?rest_route=\/wp\/v2\/types\/post"}],"author":[{"embeddable":true,"href":"https:\/\/galerii.eaa.ee\/vabaduse\/index.php?rest_route=\/wp\/v2\/users\/1"}],"replies":[{"embeddable":true,"href":"https:\/\/galerii.eaa.ee\/vabaduse\/index.php?rest_route=%2Fwp%2Fv2%2Fcomments&post=3514"}],"version-history":[{"count":2,"href":"https:\/\/galerii.eaa.ee\/vabaduse\/index.php?rest_route=\/wp\/v2\/posts\/3514\/revisions"}],"predecessor-version":[{"id":4719,"href":"https:\/\/galerii.eaa.ee\/vabaduse\/index.php?rest_route=\/wp\/v2\/posts\/3514\/revisions\/4719"}],"wp:featuredmedia":[{"embeddable":true,"href":"https:\/\/galerii.eaa.ee\/vabaduse\/index.php?rest_route=\/wp\/v2\/media\/4717"}],"wp:attachment":[{"href":"https:\/\/galerii.eaa.ee\/vabaduse\/index.php?rest_route=%2Fwp%2Fv2%2Fmedia&parent=3514"}],"wp:term":[{"taxonomy":"category","embeddable":true,"href":"https:\/\/galerii.eaa.ee\/vabaduse\/index.php?rest_route=%2Fwp%2Fv2%2Fcategories&post=3514"},{"taxonomy":"post_tag","embeddable":true,"href":"https:\/\/galerii.eaa.ee\/vabaduse\/index.php?rest_route=%2Fwp%2Fv2%2Ftags&post=3514"}],"curies":[{"name":"wp","href":"https:\/\/api.w.org\/{rel}","templated":true}]}}