{"id":4737,"date":"2024-01-10T13:10:09","date_gmt":"2024-01-10T11:10:09","guid":{"rendered":"http:\/\/galerii.eaa.ee\/vabaduse\/?p=4737"},"modified":"2024-04-30T13:34:35","modified_gmt":"2024-04-30T10:34:35","slug":"virve-albri","status":"publish","type":"post","link":"https:\/\/galerii.eaa.ee\/vabaduse\/?p=4737","title":{"rendered":"Virve Albri. Meri ja taevas. Meremaastikud<h3><span class='sec'>2.\u201328.02.2024<\/span><\/h3>"},"content":{"rendered":"\r\n<p>Olete oodatud <strong>Virve Albri<\/strong> juubelin\u00e4ituse \u201eMeri ja taevas. Meremaastikud\u201c avamisele Vabaduse galeriis reedel, 2. veebruaril kell 17.00, n\u00e4itus j\u00e4\u00e4b avatuks 28. veebruarini 2024.<\/p>\r\n\r\n\r\n\r\n<p>Virve Albri: \u201eMeri on nagu igiliikur. T\u00e4na on ta selline, homme juba teistsugune. Olen merega s\u00f5braks saanud teda vaadeldes ja saan alati h\u00e4id emotsioone v\u00f5i huvitavaid t\u00e4helepanekuid, mida maalida.\u201c<\/p>\r\n\r\n\r\n\r\n<p>Sel aastal 80. juubelit t\u00e4histava Virve Albri loomingust moodustavad mahuka osa looduvaated (P\u00f5hja-Norra ja Lapimaa maastikud). Albri loob akvarellitehnikas monumen-taalselt m\u00f5juvaid vaateid, mis kannavad endas p\u00f5hjamaise looduse avarust ja valgust. Maastikest v\u00e4rvilisemad ja m\u00e4ngulisemad on Albri kompositsioonid taimemotiividega ja lillemaalid. Avataval juubelin\u00e4itusel toob kunstnik vaataja ette valiku valminud meremaalidest. Kunstniku s\u00f5nul k\u00e4ivad meri ja taevas koos, on lahutamatud. Taevas ja pilved peegelduvad merevees ja raskete tormipilvede peegeldus vees muudab merepinna s\u00fcngeks ja tumedaks. P\u00e4ikesepaistes sillerdab vesi aga mitmev\u00e4rvilises kirevuses, p\u00e4ikesepaiste peegeldus vees on huvitav, aga kunstniku s\u00f5nul on merd maalida p\u00e4ikeses keeruline. Albri jaoks on oluline k\u00f5ik mere ja veega seotu \u2013 tuul, mis paneb vee liikuma, on t\u00e4htis ning p\u00e4ikese ja tuule koosm\u00f5ju laseb merel s\u00e4rada ja liikuda.<\/p>\r\n\r\n\r\n\r\n<p>Graafika ja akvarellist Virve Albri s\u00fcndis 26. jaanuaril 1944 Tartus. \u00d5ppis aastatel 1965\u20131971 Eesti Riiklikus Kunstiinstituudis graafika erialal. T\u00f6\u00f6tas aastatel 1963\u20131964 Tallinna Epidemioloogia, mikrobioloogia ja h\u00fcgieeni Teadusliku Uurimise Instituudis preparaatori ja laborandina ning aastatel 1964\u20131965 Eesti Eksperimentaalse ja Kliinilise Meditsiini Instituudis laborandina. Aastatel 1977\u20131981 t\u00f6\u00f6tas Albri Toiduainete t\u00f6\u00f6stuse ministeeriumi Konstrueerimise ja Tehnoloogia b\u00fcroos kunstnikuna, 1982\u20131984 eksperimentaalkombinaadi \u201eMehis\u201c kunstnikuna, aastatel 1984\u20131986 Teaduste Akadeemia K\u00fcberneetika Instituudi laborandina ja aastatel 1987\u20131993 Tallinna Parf\u00fcmeeria ja Toidurasvade Kombinaadi kunstnikuna. Alates 1993. aastast t\u00f6\u00f6tab vabakutselise kunstnikuna. Virve Albri on olnud Eesti Kunstnike Liidu noortekoondise liige ja kuulub liitu alates 2006. aastast ning Eesti Akvarellistide \u00dchendusse alates 2003. aastast.<\/p>\r\n\r\n\r\n\r\n<p>N\u00e4itustel aktiivset osalemist alustas Virve Albri 1970. aastal. Aastate jooksul on Albri osalenud Eesti Akvarellistide \u00dchenduse aastan\u00e4itustel, ECWS akvarellifestivalidel Genuas (2012), Cordobas (2014), Salamancas (2017), Akvarellibiennaalil Harjavaltaas (2014), Voipaala Kunstikeskuses Soomes (2015), liidu aastan\u00e4itusel \u201eKevadn\u00e4itus\u201c (2015), akvarellibiennaalidel St-Peterburgis (2013, 2015), akvarellifestivalidel FabrianoInArte Itaalias (2016, 2017). Lisaks on toimunud Albri isikn\u00e4itused N\u00f5mme Galeriis (1998), Haabersti Sotsiaalkeskuses (2004), Kastellaanimaja Galeriis (2004), Laagri Kultuurikeskuses (2006), Tallinna Botaanikaaias (2009), Tallinna Keskraamatukogus (2010) ja W\u00fcrthi Kunstigaleriis (2013).<\/p>\r\n\r\n\r\n\r\n<p>Vabaduse galeriid toetavad Eesti Kultuuriministeerium, Eesti Kultuurkapital, AS Liviko.<\/p>\r\n","protected":false},"excerpt":{"rendered":"<p>Olete oodatud Virve Albri juubelin\u00e4ituse \u201eMeri ja taevas. Meremaastikud\u201c avamisele Vabaduse galeriis reedel, 2. veebruaril kell 17.00, n\u00e4itus j\u00e4\u00e4b avatuks 28. veebruarini 2024. Virve Albri: \u201eMeri on nagu igiliikur. T\u00e4na on ta selline, homme juba teistsugune. Olen merega s\u00f5braks saanud teda vaadeldes ja saan alati h\u00e4id emotsioone v\u00f5i huvitavaid t\u00e4helepanekuid, mida maalida.\u201c Sel aastal 80. [&hellip;]<\/p>\n","protected":false},"author":1,"featured_media":4761,"comment_status":"closed","ping_status":"closed","sticky":false,"template":"","format":"standard","meta":{"_uag_custom_page_level_css":"","site-sidebar-layout":"default","site-content-layout":"","ast-site-content-layout":"default","site-content-style":"default","site-sidebar-style":"default","ast-global-header-display":"","ast-banner-title-visibility":"","ast-main-header-display":"","ast-hfb-above-header-display":"","ast-hfb-below-header-display":"","ast-hfb-mobile-header-display":"","site-post-title":"","ast-breadcrumbs-content":"","ast-featured-img":"","footer-sml-layout":"","theme-transparent-header-meta":"default","adv-header-id-meta":"","stick-header-meta":"","header-above-stick-meta":"","header-main-stick-meta":"","header-below-stick-meta":"","astra-migrate-meta-layouts":"set","ast-page-background-enabled":"default","ast-page-background-meta":{"desktop":{"background-color":"var(--ast-global-color-4)","background-image":"","background-repeat":"repeat","background-position":"center center","background-size":"auto","background-attachment":"scroll","background-type":"","background-media":"","overlay-type":"","overlay-color":"","overlay-opacity":"","overlay-gradient":""},"tablet":{"background-color":"","background-image":"","background-repeat":"repeat","background-position":"center center","background-size":"auto","background-attachment":"scroll","background-type":"","background-media":"","overlay-type":"","overlay-color":"","overlay-opacity":"","overlay-gradient":""},"mobile":{"background-color":"","background-image":"","background-repeat":"repeat","background-position":"center center","background-size":"auto","background-attachment":"scroll","background-type":"","background-media":"","overlay-type":"","overlay-color":"","overlay-opacity":"","overlay-gradient":""}},"ast-content-background-meta":{"desktop":{"background-color":"var(--ast-global-color-5)","background-image":"","background-repeat":"repeat","background-position":"center center","background-size":"auto","background-attachment":"scroll","background-type":"","background-media":"","overlay-type":"","overlay-color":"","overlay-opacity":"","overlay-gradient":""},"tablet":{"background-color":"var(--ast-global-color-5)","background-image":"","background-repeat":"repeat","background-position":"center center","background-size":"auto","background-attachment":"scroll","background-type":"","background-media":"","overlay-type":"","overlay-color":"","overlay-opacity":"","overlay-gradient":""},"mobile":{"background-color":"var(--ast-global-color-5)","background-image":"","background-repeat":"repeat","background-position":"center center","background-size":"auto","background-attachment":"scroll","background-type":"","background-media":"","overlay-type":"","overlay-color":"","overlay-opacity":"","overlay-gradient":""}},"footnotes":""},"categories":[394],"tags":[],"class_list":["post-4737","post","type-post","status-publish","format-standard","has-post-thumbnail","hentry","category-394"],"uagb_featured_image_src":{"full":["https:\/\/galerii.eaa.ee\/vabaduse\/wp-content\/uploads\/Virve-Albri-Merepiiskadest-ookeani.jpg",1476,1103,false],"thumbnail":["https:\/\/galerii.eaa.ee\/vabaduse\/wp-content\/uploads\/Virve-Albri-Merepiiskadest-ookeani-150x150.jpg",150,150,true],"medium":["https:\/\/galerii.eaa.ee\/vabaduse\/wp-content\/uploads\/Virve-Albri-Merepiiskadest-ookeani-300x224.jpg",300,224,true],"medium_large":["https:\/\/galerii.eaa.ee\/vabaduse\/wp-content\/uploads\/Virve-Albri-Merepiiskadest-ookeani-768x574.jpg",768,574,true],"large":["https:\/\/galerii.eaa.ee\/vabaduse\/wp-content\/uploads\/Virve-Albri-Merepiiskadest-ookeani-1024x765.jpg",1024,765,true],"1536x1536":["https:\/\/galerii.eaa.ee\/vabaduse\/wp-content\/uploads\/Virve-Albri-Merepiiskadest-ookeani.jpg",1476,1103,false],"2048x2048":["https:\/\/galerii.eaa.ee\/vabaduse\/wp-content\/uploads\/Virve-Albri-Merepiiskadest-ookeani.jpg",1476,1103,false]},"uagb_author_info":{"display_name":"vabadusegalerii","author_link":"https:\/\/galerii.eaa.ee\/vabaduse\/?author=1"},"uagb_comment_info":0,"uagb_excerpt":"Olete oodatud Virve Albri juubelin\u00e4ituse \u201eMeri ja taevas. Meremaastikud\u201c avamisele Vabaduse galeriis reedel, 2. veebruaril kell 17.00, n\u00e4itus j\u00e4\u00e4b avatuks 28. veebruarini 2024. Virve Albri: \u201eMeri on nagu igiliikur. T\u00e4na on ta selline, homme juba teistsugune. Olen merega s\u00f5braks saanud teda vaadeldes ja saan alati h\u00e4id emotsioone v\u00f5i huvitavaid t\u00e4helepanekuid, mida maalida.\u201c Sel aastal 80.&hellip;","_links":{"self":[{"href":"https:\/\/galerii.eaa.ee\/vabaduse\/index.php?rest_route=\/wp\/v2\/posts\/4737","targetHints":{"allow":["GET"]}}],"collection":[{"href":"https:\/\/galerii.eaa.ee\/vabaduse\/index.php?rest_route=\/wp\/v2\/posts"}],"about":[{"href":"https:\/\/galerii.eaa.ee\/vabaduse\/index.php?rest_route=\/wp\/v2\/types\/post"}],"author":[{"embeddable":true,"href":"https:\/\/galerii.eaa.ee\/vabaduse\/index.php?rest_route=\/wp\/v2\/users\/1"}],"replies":[{"embeddable":true,"href":"https:\/\/galerii.eaa.ee\/vabaduse\/index.php?rest_route=%2Fwp%2Fv2%2Fcomments&post=4737"}],"version-history":[{"count":3,"href":"https:\/\/galerii.eaa.ee\/vabaduse\/index.php?rest_route=\/wp\/v2\/posts\/4737\/revisions"}],"predecessor-version":[{"id":4844,"href":"https:\/\/galerii.eaa.ee\/vabaduse\/index.php?rest_route=\/wp\/v2\/posts\/4737\/revisions\/4844"}],"wp:featuredmedia":[{"embeddable":true,"href":"https:\/\/galerii.eaa.ee\/vabaduse\/index.php?rest_route=\/wp\/v2\/media\/4761"}],"wp:attachment":[{"href":"https:\/\/galerii.eaa.ee\/vabaduse\/index.php?rest_route=%2Fwp%2Fv2%2Fmedia&parent=4737"}],"wp:term":[{"taxonomy":"category","embeddable":true,"href":"https:\/\/galerii.eaa.ee\/vabaduse\/index.php?rest_route=%2Fwp%2Fv2%2Fcategories&post=4737"},{"taxonomy":"post_tag","embeddable":true,"href":"https:\/\/galerii.eaa.ee\/vabaduse\/index.php?rest_route=%2Fwp%2Fv2%2Ftags&post=4737"}],"curies":[{"name":"wp","href":"https:\/\/api.w.org\/{rel}","templated":true}]}}