{"id":5040,"date":"2024-11-26T14:18:52","date_gmt":"2024-11-26T12:18:52","guid":{"rendered":"https:\/\/galerii.eaa.ee\/vabaduse\/?p=5040"},"modified":"2025-06-03T23:42:52","modified_gmt":"2025-06-03T20:42:52","slug":"marta-stratskas-manfred-dubov","status":"publish","type":"post","link":"https:\/\/galerii.eaa.ee\/vabaduse\/?p=5040","title":{"rendered":"MARI ROOSVALT. Oma aeg, oma luba<h3><span class='sec'>30.05.\u201325.06.2025<\/span><\/h3>"},"content":{"rendered":"\n<p>Reedel, 30. mail kell 17.00 avatakse Vabaduse galeriis Mari Roosvalti juubelin\u00e4itus \u201eOma aeg, oma luba\u201c. N\u00e4itus h\u00f5lmab maalikunstniku 1990ndatel valminud teoseid ning valik jutustab loo kollaa\u017ei s\u00fcnnist Roosvalti loomingus. N\u00e4ituse kuraator on Katariina Pruus.<\/p>\n\n\n\n<p>Viimased pea kolm k\u00fcmnendit on Roosvalt viljelenud kollaa\u017ei nii maalis kui ka akvarellis. N\u00fc\u00fcdseks kanda kinnitanud stiil on \u00fchtaegu loonud tema imid\u017ei. Kunstnik on oma originaalsetes kollaa\u017eides kasutanud ajalehel\u00f5ikeid, samuti fotosid ja lihtsaid igap\u00e4evaesemeid. Erin\u00e4oliste kombinatsioonidega peegeldab ta oma loomingus isiklikke m\u00f5ttelende, tundeid, elamusi, kogemusi, aga ka \u00fchiskonda laiemalt.<\/p>\n\n\n\n<p>N\u00e4itus Vabaduse galeriis suunab fookuse perioodile, mil kollaa\u017e Roosvalti pintsli all alguse sai. See on ajah\u00fcpe kunstniku 1990ndate loomingusse, kus n\u00e4eb tema praegusele kollaa\u017eitehnikale vastanduvaid teoseid. Mastaapsed \u00f5limaalid on justkui vahepeatus ja eellugu neile j\u00e4rgnenud plahvatusele ja kulminatsioonile, millega Mari Roosvalti loomingusse saabus t\u00e4naseks p\u00e4evaks temaga k\u00f5ige enam seostatav isikup\u00e4rane k\u00e4ekiri. N\u00e4ituse seob tervikuks kujuteldav teekond, mille aluseks on kunstniku oma aeg ja luba iseenda loomingule suuna andmiseks.<\/p>\n\n\n\n<p><strong>Mari Roosvalt <\/strong>(1945) on mainekas Eesti maalikunstnik. Ta on l\u00f5petanud 1969. aastal Eesti Riiklikus Kunstiinstituudis (praegune EKA) maalikunsti eriala. Alates 1979. aastast on ta Eesti Kunstnike Liidu liige ning alates 1997. aastast Eesti Maalikunstnike Liidu eestseisuse liige.<\/p>\n\n\n\n<p>Ta on olnud \u00f5ppej\u00f5ud mitmetes kunstikoolides ja t\u00f6\u00f6tanud erinevatel ametikohtadel Eesti Kunstiakadeemias, sealhulgas olnud Eesti Kunstiakadeemia erakorraline professor, Avatud Akadeemia juhataja ning vabade kunstide teaduskonna \u00f5ppekava juht. Samuti on ta olnud Eesti Maalikunstnike Liidu esimees ja alates 2015. aastast on Roosvalt Eesti Kunstnike Liidu auliige.<\/p>\n\n\n\n<p>N\u00e4itusetegevusega on Mari Roosvalt olnud aktiivne alates 1970. aastast. Ta on eri asukohtades esinenud enam kui saja isikun\u00e4itusega, samuti osalenud mitmetel biennaalidel ja arvukatel \u00fchisn\u00e4itustel nii Eestis kui ka rahvusvaheliselt. Tema t\u00f6id on eksponeeritud Leedus, L\u00e4tis, Venemaal, Poolas, Austraalias, Austrias, Soomes, Rootsis, Prantsusmaal, Saksamaal, Itaalias, USAs, Kanadas, Hollandis, Hispaanias, Mehhikos ja mujal.<\/p>\n\n\n\n<p>\u00dcle poole sajandi j\u00e4rjepidevalt tegutsenud kunstnikku on tunnustatud mitmete preemiatega, sealhulgas p\u00e4lvis ta 2006. aastal Konrad M\u00e4e preemia, oli 2024. aastal Kristjan Raua preemia laureaat ning 2025. aasta veebruaris omistati talle ka Valget\u00e4he IV klassi teenetem\u00e4rk.<\/p>\n\n\n\n<p>N\u00e4itus \u201eOma aeg, oma luba\u201c j\u00e4\u00e4b avatuks 25. juunini 2025.<\/p>\n\n\n\n<p>N\u00e4itust toetab Eesti Kultuurkapital.<\/p>\n\n\n\n<p>Galeriid toetavad: Eesti Kultuuriministeerium, Eesti Kultuurkapital, AS Liviko.<\/p>\n\n\n\n<p>Vabaduse galerii tegevusi haldab Eesti Kunstnike Liit.<\/p>\n","protected":false},"excerpt":{"rendered":"<p>Reedel, 30. mail kell 17.00 avatakse Vabaduse galeriis Mari Roosvalti juubelin\u00e4itus \u201eOma aeg, oma luba\u201c. N\u00e4itus h\u00f5lmab maalikunstniku 1990ndatel valminud teoseid ning valik jutustab loo kollaa\u017ei s\u00fcnnist Roosvalti loomingus. N\u00e4ituse kuraator on Katariina Pruus. Viimased pea kolm k\u00fcmnendit on Roosvalt viljelenud kollaa\u017ei nii maalis kui ka akvarellis. N\u00fc\u00fcdseks kanda kinnitanud stiil on \u00fchtaegu loonud tema [&hellip;]<\/p>\n","protected":false},"author":1,"featured_media":5157,"comment_status":"closed","ping_status":"closed","sticky":false,"template":"","format":"standard","meta":{"_uag_custom_page_level_css":"","site-sidebar-layout":"default","site-content-layout":"","ast-site-content-layout":"default","site-content-style":"default","site-sidebar-style":"default","ast-global-header-display":"","ast-banner-title-visibility":"","ast-main-header-display":"","ast-hfb-above-header-display":"","ast-hfb-below-header-display":"","ast-hfb-mobile-header-display":"","site-post-title":"","ast-breadcrumbs-content":"","ast-featured-img":"","footer-sml-layout":"","theme-transparent-header-meta":"default","adv-header-id-meta":"","stick-header-meta":"","header-above-stick-meta":"","header-main-stick-meta":"","header-below-stick-meta":"","astra-migrate-meta-layouts":"set","ast-page-background-enabled":"default","ast-page-background-meta":{"desktop":{"background-color":"var(--ast-global-color-4)","background-image":"","background-repeat":"repeat","background-position":"center center","background-size":"auto","background-attachment":"scroll","background-type":"","background-media":"","overlay-type":"","overlay-color":"","overlay-opacity":"","overlay-gradient":""},"tablet":{"background-color":"","background-image":"","background-repeat":"repeat","background-position":"center center","background-size":"auto","background-attachment":"scroll","background-type":"","background-media":"","overlay-type":"","overlay-color":"","overlay-opacity":"","overlay-gradient":""},"mobile":{"background-color":"","background-image":"","background-repeat":"repeat","background-position":"center center","background-size":"auto","background-attachment":"scroll","background-type":"","background-media":"","overlay-type":"","overlay-color":"","overlay-opacity":"","overlay-gradient":""}},"ast-content-background-meta":{"desktop":{"background-color":"var(--ast-global-color-5)","background-image":"","background-repeat":"repeat","background-position":"center center","background-size":"auto","background-attachment":"scroll","background-type":"","background-media":"","overlay-type":"","overlay-color":"","overlay-opacity":"","overlay-gradient":""},"tablet":{"background-color":"var(--ast-global-color-5)","background-image":"","background-repeat":"repeat","background-position":"center center","background-size":"auto","background-attachment":"scroll","background-type":"","background-media":"","overlay-type":"","overlay-color":"","overlay-opacity":"","overlay-gradient":""},"mobile":{"background-color":"var(--ast-global-color-5)","background-image":"","background-repeat":"repeat","background-position":"center center","background-size":"auto","background-attachment":"scroll","background-type":"","background-media":"","overlay-type":"","overlay-color":"","overlay-opacity":"","overlay-gradient":""}},"footnotes":""},"categories":[429],"tags":[],"class_list":["post-5040","post","type-post","status-publish","format-standard","has-post-thumbnail","hentry","category-2025-et"],"uagb_featured_image_src":{"full":["https:\/\/galerii.eaa.ee\/vabaduse\/wp-content\/uploads\/Mari_Roosvalt_Facebook_event-scaled.jpg",2560,1340,false],"thumbnail":["https:\/\/galerii.eaa.ee\/vabaduse\/wp-content\/uploads\/Mari_Roosvalt_Facebook_event-150x150.jpg",150,150,true],"medium":["https:\/\/galerii.eaa.ee\/vabaduse\/wp-content\/uploads\/Mari_Roosvalt_Facebook_event-300x157.jpg",300,157,true],"medium_large":["https:\/\/galerii.eaa.ee\/vabaduse\/wp-content\/uploads\/Mari_Roosvalt_Facebook_event-768x402.jpg",768,402,true],"large":["https:\/\/galerii.eaa.ee\/vabaduse\/wp-content\/uploads\/Mari_Roosvalt_Facebook_event-1024x536.jpg",1024,536,true],"1536x1536":["https:\/\/galerii.eaa.ee\/vabaduse\/wp-content\/uploads\/Mari_Roosvalt_Facebook_event-1536x804.jpg",1536,804,true],"2048x2048":["https:\/\/galerii.eaa.ee\/vabaduse\/wp-content\/uploads\/Mari_Roosvalt_Facebook_event-2048x1072.jpg",2048,1072,true]},"uagb_author_info":{"display_name":"vabadusegalerii","author_link":"https:\/\/galerii.eaa.ee\/vabaduse\/?author=1"},"uagb_comment_info":0,"uagb_excerpt":"Reedel, 30. mail kell 17.00 avatakse Vabaduse galeriis Mari Roosvalti juubelin\u00e4itus \u201eOma aeg, oma luba\u201c. N\u00e4itus h\u00f5lmab maalikunstniku 1990ndatel valminud teoseid ning valik jutustab loo kollaa\u017ei s\u00fcnnist Roosvalti loomingus. N\u00e4ituse kuraator on Katariina Pruus. Viimased pea kolm k\u00fcmnendit on Roosvalt viljelenud kollaa\u017ei nii maalis kui ka akvarellis. N\u00fc\u00fcdseks kanda kinnitanud stiil on \u00fchtaegu loonud tema&hellip;","_links":{"self":[{"href":"https:\/\/galerii.eaa.ee\/vabaduse\/index.php?rest_route=\/wp\/v2\/posts\/5040","targetHints":{"allow":["GET"]}}],"collection":[{"href":"https:\/\/galerii.eaa.ee\/vabaduse\/index.php?rest_route=\/wp\/v2\/posts"}],"about":[{"href":"https:\/\/galerii.eaa.ee\/vabaduse\/index.php?rest_route=\/wp\/v2\/types\/post"}],"author":[{"embeddable":true,"href":"https:\/\/galerii.eaa.ee\/vabaduse\/index.php?rest_route=\/wp\/v2\/users\/1"}],"replies":[{"embeddable":true,"href":"https:\/\/galerii.eaa.ee\/vabaduse\/index.php?rest_route=%2Fwp%2Fv2%2Fcomments&post=5040"}],"version-history":[{"count":5,"href":"https:\/\/galerii.eaa.ee\/vabaduse\/index.php?rest_route=\/wp\/v2\/posts\/5040\/revisions"}],"predecessor-version":[{"id":5161,"href":"https:\/\/galerii.eaa.ee\/vabaduse\/index.php?rest_route=\/wp\/v2\/posts\/5040\/revisions\/5161"}],"wp:featuredmedia":[{"embeddable":true,"href":"https:\/\/galerii.eaa.ee\/vabaduse\/index.php?rest_route=\/wp\/v2\/media\/5157"}],"wp:attachment":[{"href":"https:\/\/galerii.eaa.ee\/vabaduse\/index.php?rest_route=%2Fwp%2Fv2%2Fmedia&parent=5040"}],"wp:term":[{"taxonomy":"category","embeddable":true,"href":"https:\/\/galerii.eaa.ee\/vabaduse\/index.php?rest_route=%2Fwp%2Fv2%2Fcategories&post=5040"},{"taxonomy":"post_tag","embeddable":true,"href":"https:\/\/galerii.eaa.ee\/vabaduse\/index.php?rest_route=%2Fwp%2Fv2%2Ftags&post=5040"}],"curies":[{"name":"wp","href":"https:\/\/api.w.org\/{rel}","templated":true}]}}