{"id":5044,"date":"2024-11-26T14:20:33","date_gmt":"2024-11-26T12:20:33","guid":{"rendered":"https:\/\/galerii.eaa.ee\/vabaduse\/?p=5044"},"modified":"2025-07-24T17:37:36","modified_gmt":"2025-07-24T14:37:36","slug":"helle-reet-vahersalu-kadri-toom","status":"publish","type":"post","link":"https:\/\/galerii.eaa.ee\/vabaduse\/?p=5044","title":{"rendered":"HELLE-REET VAHERSALU, KADRI TOOM. \u00dcmbritsetud<h3><span class='sec'>27.06.\u201323.07.2025<\/span><\/h3>"},"content":{"rendered":"<p><span style=\"font-weight: 400;\">Reedel, 27. juunil kell 17.00 avatakse Vabaduse galeriis graafik Kadri Toomi ja maalikunstnik Helle Vahersalu \u00fchisn\u00e4itus \u201e\u00dcmbritsetud\u201c.\u00a0<\/span><\/p>\n<p><span style=\"font-weight: 400;\">\u201eNa\u0308itus \u201eU\u0308mbritsetud\u201c on kahe po\u0303lvkonna visuaalne dialoog, vestlus o\u0303petaja ja o\u0303pilase vahel. Just maalio\u0303pingud Tartu Ko\u0303rgemas Kunstikoolis Helle Vahersalu ka\u0308e all on su\u0308gavalt mo\u0303jutanud Kadri Toomi va\u0308rvikeskset graafikaloomingut. Seekord on Toom oma teoses suhestunud selle osaga oma o\u0303petaja loomingust, mis on varasemalt ja\u0308a\u0308nud laiema publiku eest varjatuks \u2013 kartongile maalitud va\u0308rviku\u0308llased etu\u0308u\u0308did ja abstraktsed kompositsioonid. Sedasi saavad kokku kaks eripalgelist, kuid samas nauditavalt teine-teist ta\u0308iendavat maastikutunnetust.\u201d\u00a0<\/span><\/p>\n<p><span style=\"font-weight: 400;\">\u2013 Peeter Talvistu n\u00e4ituse kaastekstis.<\/span><\/p>\n<p><b>Kadri Toom<\/b><span style=\"font-weight: 400;\"> (s. 1984) on l\u00f5petanud \u00f5pingud Tartu K\u00f5rgema Kunstikooli maali erialal (BA, 2006) ja Eesti Kunstiakadeemia graafika \u00f5ppetoolil (MA, 2009). <\/span><span style=\"font-weight: 400;\">Enda loomingus keskendub Toom erinevate graafika tehnikate kombineerimisele ja v\u00e4rvipindadega eksperimenteerimisele, mida iseloomustab p\u00fc\u00fcd v\u00e4ljuda traditsioonilisest vormist graafikas. Teda pealeuvad teemad on sageli seotud elukeskkonna, ruumi ja maastike kogemisega. <\/span><span style=\"font-weight: 400;\">Toomi teoseid kuulub Tartu Kunstimuuseumi ja Rothko muuseumi kogusse ning paljudesse erakogudesse. Ta on pa\u0308lvinud Eesti Kultuurkapitali aastapreemia 2022. aastal, samuti Eesti Vabagraafikute U\u0308henduse tunnustuse \u201eAasta Graafik 2021\u201c ja ergutuspreemia konkursil \u201eWiiralti Preemia 2022\u201c. <\/span><span style=\"font-weight: 400;\">Kadri Toom kuulub Eesti Kunstnike Liitu ja Eesti Vabagraafikute \u00dchendusse. Ta \u00f5petab ja juhendab graafika tudengeid Eesti Kunstiakadeemias ja K\u00f5rgemas Kunstikool Pallas.\u00a0<\/span><\/p>\n<p><b>Helle Vahersalu<\/b><span style=\"font-weight: 400;\"> (s. 1939) \u00f5ppis aastatel 1958\u20131961 Tartu Kunstikoolis ja seej\u00e4rel Eesti Riiklikus Kunstiinstituudis, mille l\u00f5petas 1967. aastal. Aastatel 1961\u20131967 t\u00f6\u00f6tas ta Tartu Kunstikoolis joonistamise ja maalimise \u00f5ppej\u00f5una ning aastatel 1991\u20131993 oli \u00f5ppej\u00f5ud Tartu \u00dclikooli maaliosakonnas. Vahersalu \u00f5pilaste seas on mitmeid hetkel aktiivselt tegutsevaid ja mainekaid eesti kunstnikke. <\/span><span style=\"font-weight: 400;\">Vahersalu alustas aktiivse kunstnikuna 1970. aastate alguses loodusest inspireeritud ja hoogsate pintslil\u00f6\u00f6kide energiast kantud abstraktsete maalidega. Samuti on ta tegelenud akvarelli, portreede ja nat\u00fc\u00fcrmortide maalimisega. 1970. ja 1980. aastatel oli Vahersalu tuntud kui portretist, j\u00e4\u00e4dvustades mitmeid toonaseid kultuuriinimesi. <\/span><span style=\"font-weight: 400;\">Eesti Kunstnike Liitu kuulub Helle Vahersalu alates 1976. aastast. 2015.<\/span><span style=\"font-weight: 400;\">\u00a0aastal p\u00e4lvis ta Ado Vabbe nimelise kunstipreemia ning 1999. aastal omistati talle Valget\u00e4he V klassi teenetem\u00e4rk.<\/span><\/p>\n<p><b>N\u00e4itus \u201e\u00dcmbritsetud\u201c kuulub Tallinna XIX Graafikatriennaali satelliitprogrammi ja j\u00e4\u00e4b avatuks 23. juulini 2025.<\/b><\/p>\n<p><span style=\"font-weight: 400;\">N\u00e4ituse kaastekst: Peeter Talvistu<\/span><\/p>\n<p><span style=\"font-weight: 400;\">N\u00e4ituse kujundaja: Madis Liplap<\/span><\/p>\n<p><span style=\"font-weight: 400;\">Konsultant: Tuuli Puhvel<\/span><\/p>\n<p><span style=\"font-weight: 400;\">N\u00e4itust toetab Eesti Kultuurkapital.<\/span><\/p>\n<p><span style=\"font-weight: 400;\">Galeriid toetavad: Eesti Kultuuriministeerium, Eesti Kultuurkapital, AS Liviko.<\/span><\/p>\n<p><span style=\"font-weight: 400;\">Vabaduse galerii tegevusi haldab Eesti Kunstnike Liit.<\/span><\/p>\n","protected":false},"excerpt":{"rendered":"<p>Reedel, 27. juunil kell 17.00 avatakse Vabaduse galeriis graafik Kadri Toomi ja maalikunstnik Helle Vahersalu \u00fchisn\u00e4itus \u201e\u00dcmbritsetud\u201c.\u00a0 \u201eNa\u0308itus \u201eU\u0308mbritsetud\u201c on kahe po\u0303lvkonna visuaalne dialoog, vestlus o\u0303petaja ja o\u0303pilase vahel. Just maalio\u0303pingud Tartu Ko\u0303rgemas Kunstikoolis Helle Vahersalu ka\u0308e all on su\u0308gavalt mo\u0303jutanud Kadri Toomi va\u0308rvikeskset graafikaloomingut. Seekord on Toom oma teoses suhestunud selle osaga oma o\u0303petaja [&hellip;]<\/p>\n","protected":false},"author":1,"featured_media":5164,"comment_status":"closed","ping_status":"closed","sticky":false,"template":"","format":"standard","meta":{"_uag_custom_page_level_css":"","site-sidebar-layout":"default","site-content-layout":"","ast-site-content-layout":"default","site-content-style":"default","site-sidebar-style":"default","ast-global-header-display":"","ast-banner-title-visibility":"","ast-main-header-display":"","ast-hfb-above-header-display":"","ast-hfb-below-header-display":"","ast-hfb-mobile-header-display":"","site-post-title":"","ast-breadcrumbs-content":"","ast-featured-img":"","footer-sml-layout":"","theme-transparent-header-meta":"default","adv-header-id-meta":"","stick-header-meta":"","header-above-stick-meta":"","header-main-stick-meta":"","header-below-stick-meta":"","astra-migrate-meta-layouts":"set","ast-page-background-enabled":"default","ast-page-background-meta":{"desktop":{"background-color":"var(--ast-global-color-4)","background-image":"","background-repeat":"repeat","background-position":"center center","background-size":"auto","background-attachment":"scroll","background-type":"","background-media":"","overlay-type":"","overlay-color":"","overlay-opacity":"","overlay-gradient":""},"tablet":{"background-color":"","background-image":"","background-repeat":"repeat","background-position":"center center","background-size":"auto","background-attachment":"scroll","background-type":"","background-media":"","overlay-type":"","overlay-color":"","overlay-opacity":"","overlay-gradient":""},"mobile":{"background-color":"","background-image":"","background-repeat":"repeat","background-position":"center center","background-size":"auto","background-attachment":"scroll","background-type":"","background-media":"","overlay-type":"","overlay-color":"","overlay-opacity":"","overlay-gradient":""}},"ast-content-background-meta":{"desktop":{"background-color":"var(--ast-global-color-5)","background-image":"","background-repeat":"repeat","background-position":"center center","background-size":"auto","background-attachment":"scroll","background-type":"","background-media":"","overlay-type":"","overlay-color":"","overlay-opacity":"","overlay-gradient":""},"tablet":{"background-color":"var(--ast-global-color-5)","background-image":"","background-repeat":"repeat","background-position":"center center","background-size":"auto","background-attachment":"scroll","background-type":"","background-media":"","overlay-type":"","overlay-color":"","overlay-opacity":"","overlay-gradient":""},"mobile":{"background-color":"var(--ast-global-color-5)","background-image":"","background-repeat":"repeat","background-position":"center center","background-size":"auto","background-attachment":"scroll","background-type":"","background-media":"","overlay-type":"","overlay-color":"","overlay-opacity":"","overlay-gradient":""}},"footnotes":""},"categories":[429],"tags":[],"class_list":["post-5044","post","type-post","status-publish","format-standard","has-post-thumbnail","hentry","category-2025-et"],"uagb_featured_image_src":{"full":["https:\/\/galerii.eaa.ee\/vabaduse\/wp-content\/uploads\/Kadri_Helle_Facebook_event_-scaled.jpg",2560,1340,false],"thumbnail":["https:\/\/galerii.eaa.ee\/vabaduse\/wp-content\/uploads\/Kadri_Helle_Facebook_event_-150x150.jpg",150,150,true],"medium":["https:\/\/galerii.eaa.ee\/vabaduse\/wp-content\/uploads\/Kadri_Helle_Facebook_event_-300x157.jpg",300,157,true],"medium_large":["https:\/\/galerii.eaa.ee\/vabaduse\/wp-content\/uploads\/Kadri_Helle_Facebook_event_-768x402.jpg",768,402,true],"large":["https:\/\/galerii.eaa.ee\/vabaduse\/wp-content\/uploads\/Kadri_Helle_Facebook_event_-1024x536.jpg",1024,536,true],"1536x1536":["https:\/\/galerii.eaa.ee\/vabaduse\/wp-content\/uploads\/Kadri_Helle_Facebook_event_-1536x804.jpg",1536,804,true],"2048x2048":["https:\/\/galerii.eaa.ee\/vabaduse\/wp-content\/uploads\/Kadri_Helle_Facebook_event_-2048x1072.jpg",2048,1072,true]},"uagb_author_info":{"display_name":"vabadusegalerii","author_link":"https:\/\/galerii.eaa.ee\/vabaduse\/?author=1"},"uagb_comment_info":0,"uagb_excerpt":"Reedel, 27. juunil kell 17.00 avatakse Vabaduse galeriis graafik Kadri Toomi ja maalikunstnik Helle Vahersalu \u00fchisn\u00e4itus \u201e\u00dcmbritsetud\u201c.\u00a0 \u201eNa\u0308itus \u201eU\u0308mbritsetud\u201c on kahe po\u0303lvkonna visuaalne dialoog, vestlus o\u0303petaja ja o\u0303pilase vahel. Just maalio\u0303pingud Tartu Ko\u0303rgemas Kunstikoolis Helle Vahersalu ka\u0308e all on su\u0308gavalt mo\u0303jutanud Kadri Toomi va\u0308rvikeskset graafikaloomingut. Seekord on Toom oma teoses suhestunud selle osaga oma o\u0303petaja&hellip;","_links":{"self":[{"href":"https:\/\/galerii.eaa.ee\/vabaduse\/index.php?rest_route=\/wp\/v2\/posts\/5044","targetHints":{"allow":["GET"]}}],"collection":[{"href":"https:\/\/galerii.eaa.ee\/vabaduse\/index.php?rest_route=\/wp\/v2\/posts"}],"about":[{"href":"https:\/\/galerii.eaa.ee\/vabaduse\/index.php?rest_route=\/wp\/v2\/types\/post"}],"author":[{"embeddable":true,"href":"https:\/\/galerii.eaa.ee\/vabaduse\/index.php?rest_route=\/wp\/v2\/users\/1"}],"replies":[{"embeddable":true,"href":"https:\/\/galerii.eaa.ee\/vabaduse\/index.php?rest_route=%2Fwp%2Fv2%2Fcomments&post=5044"}],"version-history":[{"count":2,"href":"https:\/\/galerii.eaa.ee\/vabaduse\/index.php?rest_route=\/wp\/v2\/posts\/5044\/revisions"}],"predecessor-version":[{"id":5165,"href":"https:\/\/galerii.eaa.ee\/vabaduse\/index.php?rest_route=\/wp\/v2\/posts\/5044\/revisions\/5165"}],"wp:featuredmedia":[{"embeddable":true,"href":"https:\/\/galerii.eaa.ee\/vabaduse\/index.php?rest_route=\/wp\/v2\/media\/5164"}],"wp:attachment":[{"href":"https:\/\/galerii.eaa.ee\/vabaduse\/index.php?rest_route=%2Fwp%2Fv2%2Fmedia&parent=5044"}],"wp:term":[{"taxonomy":"category","embeddable":true,"href":"https:\/\/galerii.eaa.ee\/vabaduse\/index.php?rest_route=%2Fwp%2Fv2%2Fcategories&post=5044"},{"taxonomy":"post_tag","embeddable":true,"href":"https:\/\/galerii.eaa.ee\/vabaduse\/index.php?rest_route=%2Fwp%2Fv2%2Ftags&post=5044"}],"curies":[{"name":"wp","href":"https:\/\/api.w.org\/{rel}","templated":true}]}}